{"id":1481,"date":"2017-09-05T17:12:35","date_gmt":"2017-09-05T15:12:35","guid":{"rendered":"http:\/\/von-beluga.de\/?p=1481"},"modified":"2017-09-11T18:37:43","modified_gmt":"2017-09-11T16:37:43","slug":"rettungshunde-trainingscamp-in-ober-beerbach","status":"publish","type":"post","link":"https:\/\/von-beluga.de\/?p=1481","title":{"rendered":"Rettungshunde-Trainingscamp in Ober-Beerbach"},"content":{"rendered":"<p>Vom 02.06.- 05.06.2017 haben Dubai und Las Palmas mit mir am diesj\u00e4hrigen Trainingscamp f\u00fcr Rettungshunde teilgenommen. Wir haben an diesem Wochenende viel positives &#8222;mitgenommen&#8220;. Las Palmas, die leider das Verbellen noch nicht drauf hat, konnte an den Ger\u00e4ten \u00fcben und hat sich hier sehr gut gezeigt. Das Laufen \u00fcber eine Leiter, die Fassbr\u00fccke und die verschiedenen Hindernisse waren \u00fcberhaupt kein Problem. Lediglich den (ach war der dunkel) Tunnel musste sie erst einmal kennen lernen und dann war es das beliebteste Objekt. <img loading=\"lazy\" decoding=\"async\" class=\"size-full wp-image-1517 aligncenter\" src=\"https:\/\/von-beluga.de\/wp-content\/uploads\/2017\/06\/18920164_1874735056084648_9206474629264692517_n.jpg\" alt=\"\" width=\"200\" height=\"200\" \/><img loading=\"lazy\" decoding=\"async\" class=\"alignnone size-full wp-image-1518\" src=\"https:\/\/von-beluga.de\/wp-content\/uploads\/2017\/06\/18921710_1874737856084368_5386866131340921754_n.jpg\" alt=\"\" width=\"200\" height=\"200\" \/> Dubai durfte nat\u00fcrlich auch an die Ger\u00e4te und auch sie hatte keine Schwierigkeiten mit den geforderten Ger\u00e4tschaften. Sie hat dann auch am Training im Wald teilgenommen. So wurde die Anzeige\u00fcbung ( sicheres verbellen von einer sichtbaren Versteckperson) mehrmals t\u00e4glich ge\u00fcbt und auch das Suchen von einer versteckten Person durfte trainiert werden. Au\u00dferdem konnte ich mir die Hunde bei der Anzeige in den Tr\u00fcmmern ansehen, sowie die F\u00e4hrtensuche. Besonders interessant fand ich allerdings das Mantrailing. Das w\u00e4re eine Sparte, die ich mir auch f\u00fcr meine Hunde vorstellen k\u00f6nnte. Insgesamt waren die 4 Tage sehr informativ und die Mitglieder der OG haben alles getan, damit sich alle Teilnehmer wohlf\u00fchlen konnten. Pers\u00f6nlich m\u00f6chte ich mich hier besonders bei Bianca Vogt bedanken. Sie war die Leiterin unserer Gruppe der RH1 Hunde und hat f\u00fcr jeden Hund das Optimalste gegeben. Hier insbesondere auch ihr Einsatz bei dem Versuch Las Palmas zum Bellen zu bringen.<\/p>\n","protected":false},"excerpt":{"rendered":"<p>Vom 02.06.- 05.06.2017 haben Dubai und Las Palmas mit mir am diesj\u00e4hrigen Trainingscamp f\u00fcr Rettungshunde teilgenommen. Wir haben an diesem Wochenende viel positives &#8222;mitgenommen&#8220;. Las Palmas, die leider das Verbellen noch nicht drauf hat, konnte an den Ger\u00e4ten \u00fcben und &hellip; <a href=\"https:\/\/von-beluga.de\/?p=1481\">Weiterlesen <span class=\"meta-nav\">&rarr;<\/span><\/a><\/p>\n","protected":false},"author":1,"featured_media":0,"comment_status":"closed","ping_status":"closed","sticky":false,"template":"","format":"standard","meta":{"footnotes":""},"categories":[8],"tags":[],"class_list":["post-1481","post","type-post","status-publish","format-standard","hentry","category-rettungshunde"],"_links":{"self":[{"href":"https:\/\/von-beluga.de\/index.php?rest_route=\/wp\/v2\/posts\/1481","targetHints":{"allow":["GET"]}}],"collection":[{"href":"https:\/\/von-beluga.de\/index.php?rest_route=\/wp\/v2\/posts"}],"about":[{"href":"https:\/\/von-beluga.de\/index.php?rest_route=\/wp\/v2\/types\/post"}],"author":[{"embeddable":true,"href":"https:\/\/von-beluga.de\/index.php?rest_route=\/wp\/v2\/users\/1"}],"replies":[{"embeddable":true,"href":"https:\/\/von-beluga.de\/index.php?rest_route=%2Fwp%2Fv2%2Fcomments&post=1481"}],"version-history":[{"count":8,"href":"https:\/\/von-beluga.de\/index.php?rest_route=\/wp\/v2\/posts\/1481\/revisions"}],"predecessor-version":[{"id":1952,"href":"https:\/\/von-beluga.de\/index.php?rest_route=\/wp\/v2\/posts\/1481\/revisions\/1952"}],"wp:attachment":[{"href":"https:\/\/von-beluga.de\/index.php?rest_route=%2Fwp%2Fv2%2Fmedia&parent=1481"}],"wp:term":[{"taxonomy":"category","embeddable":true,"href":"https:\/\/von-beluga.de\/index.php?rest_route=%2Fwp%2Fv2%2Fcategories&post=1481"},{"taxonomy":"post_tag","embeddable":true,"href":"https:\/\/von-beluga.de\/index.php?rest_route=%2Fwp%2Fv2%2Ftags&post=1481"}],"curies":[{"name":"wp","href":"https:\/\/api.w.org\/{rel}","templated":true}]}}