{"id":1540,"date":"2017-09-11T21:07:43","date_gmt":"2017-09-11T19:07:43","guid":{"rendered":"http:\/\/von-beluga.de\/?p=1540"},"modified":"2017-10-02T16:14:41","modified_gmt":"2017-10-02T14:14:41","slug":"vdh-annual-trophy-show-in-hannover","status":"publish","type":"post","link":"https:\/\/von-beluga.de\/?p=1540","title":{"rendered":"VDH Annual-Trophy Show in Hannover"},"content":{"rendered":"<p>Heute, am 11.Juni 2017, dem zweiten Tag der Ausstellung in Hannover, wurden die Deutschen Sch\u00e4ferhunde in einer Sonderschau des Vereins f\u00fcr Deutsche Sch\u00e4ferhunde vorgestellt.\u00a0\u00a0\u00a0\u00a0\u00a0\u00a0\u00a0\u00a0\u00a0\u00a0\u00a0\u00a0\u00a0\u00a0\u00a0\u00a0\u00a0\u00a0\u00a0\u00a0\u00a0\u00a0\u00a0\u00a0\u00a0\u00a0\u00a0\u00a0\u00a0\u00a0\u00a0\u00a0\u00a0\u00a0\u00a0\u00a0\u00a0\u00a0\u00a0\u00a0\u00a0\u00a0\u00a0\u00a0\u00a0\u00a0\u00a0\u00a0\u00a0\u00a0\u00a0\u00a0\u00a0\u00a0\u00a0\u00a0\u00a0\u00a0\u00a0\u00a0\u00a0\u00a0\u00a0\u00a0\u00a0\u00a0\u00a0\u00a0\u00a0\u00a0\u00a0\u00a0\u00a0\u00a0\u00a0\u00a0\u00a0\u00a0\u00a0\u00a0\u00a0\u00a0\u00a0\u00a0\u00a0\u00a0\u00a0\u00a0\u00a0\u00a0\u00a0\u00a0\u00a0\u00a0\u00a0\u00a0\u00a0\u00a0\u00a0 Richter war Herr Otto K\u00f6rber-Ahrens.\u00a0 Da die Richtweise und Beurteilung beim SV nicht mit dem VDH konform geht,waren die Bewertungen dem SV angepasst.\u00a0\u00a0\u00a0\u00a0\u00a0\u00a0\u00a0\u00a0\u00a0\u00a0\u00a0\u00a0\u00a0\u00a0\u00a0 <span style=\"color: #0000ff;\"><strong>Dubai<\/strong><\/span> erhielt in der Championklasse, die beim SV nicht anerkannt ist, die Bewertung Vorz\u00fcglich 1.\u00a0 <span style=\"color: #0000ff;\"><strong>Las Palmas<\/strong><\/span> wurde das Sehr Gut 2, die h\u00f6chste Formwertnote beim SV, in der Jugendklasse zuerkannt.<\/p>\n","protected":false},"excerpt":{"rendered":"<p>Heute, am 11.Juni 2017, dem zweiten Tag der Ausstellung in Hannover, wurden die Deutschen Sch\u00e4ferhunde in einer Sonderschau des Vereins f\u00fcr Deutsche Sch\u00e4ferhunde vorgestellt.\u00a0\u00a0\u00a0\u00a0\u00a0\u00a0\u00a0\u00a0\u00a0\u00a0\u00a0\u00a0\u00a0\u00a0\u00a0\u00a0\u00a0\u00a0\u00a0\u00a0\u00a0\u00a0\u00a0\u00a0\u00a0\u00a0\u00a0\u00a0\u00a0\u00a0\u00a0\u00a0\u00a0\u00a0\u00a0\u00a0\u00a0\u00a0\u00a0\u00a0\u00a0\u00a0\u00a0\u00a0\u00a0\u00a0\u00a0\u00a0\u00a0\u00a0\u00a0\u00a0\u00a0\u00a0\u00a0\u00a0\u00a0\u00a0\u00a0\u00a0\u00a0\u00a0\u00a0\u00a0\u00a0\u00a0\u00a0\u00a0\u00a0\u00a0\u00a0\u00a0\u00a0\u00a0\u00a0\u00a0\u00a0\u00a0\u00a0\u00a0\u00a0\u00a0\u00a0\u00a0\u00a0\u00a0\u00a0\u00a0\u00a0\u00a0\u00a0\u00a0\u00a0\u00a0\u00a0\u00a0\u00a0\u00a0\u00a0 Richter war Herr Otto K\u00f6rber-Ahrens.\u00a0 Da die Richtweise und Beurteilung beim SV nicht mit dem VDH &hellip; <a href=\"https:\/\/von-beluga.de\/?p=1540\">Weiterlesen <span class=\"meta-nav\">&rarr;<\/span><\/a><\/p>\n","protected":false},"author":1,"featured_media":0,"comment_status":"closed","ping_status":"closed","sticky":false,"template":"","format":"standard","meta":{"footnotes":""},"categories":[2],"tags":[],"class_list":["post-1540","post","type-post","status-publish","format-standard","hentry","category-ausstellungen"],"_links":{"self":[{"href":"https:\/\/von-beluga.de\/index.php?rest_route=\/wp\/v2\/posts\/1540","targetHints":{"allow":["GET"]}}],"collection":[{"href":"https:\/\/von-beluga.de\/index.php?rest_route=\/wp\/v2\/posts"}],"about":[{"href":"https:\/\/von-beluga.de\/index.php?rest_route=\/wp\/v2\/types\/post"}],"author":[{"embeddable":true,"href":"https:\/\/von-beluga.de\/index.php?rest_route=\/wp\/v2\/users\/1"}],"replies":[{"embeddable":true,"href":"https:\/\/von-beluga.de\/index.php?rest_route=%2Fwp%2Fv2%2Fcomments&post=1540"}],"version-history":[{"count":8,"href":"https:\/\/von-beluga.de\/index.php?rest_route=\/wp\/v2\/posts\/1540\/revisions"}],"predecessor-version":[{"id":2130,"href":"https:\/\/von-beluga.de\/index.php?rest_route=\/wp\/v2\/posts\/1540\/revisions\/2130"}],"wp:attachment":[{"href":"https:\/\/von-beluga.de\/index.php?rest_route=%2Fwp%2Fv2%2Fmedia&parent=1540"}],"wp:term":[{"taxonomy":"category","embeddable":true,"href":"https:\/\/von-beluga.de\/index.php?rest_route=%2Fwp%2Fv2%2Fcategories&post=1540"},{"taxonomy":"post_tag","embeddable":true,"href":"https:\/\/von-beluga.de\/index.php?rest_route=%2Fwp%2Fv2%2Ftags&post=1540"}],"curies":[{"name":"wp","href":"https:\/\/api.w.org\/{rel}","templated":true}]}}