{"id":1580,"date":"2017-09-09T16:38:53","date_gmt":"2017-09-09T14:38:53","guid":{"rendered":"http:\/\/von-beluga.de\/?p=1580"},"modified":"2017-10-02T16:13:03","modified_gmt":"2017-10-02T14:13:03","slug":"wesensueberpruefung-der-landesgruppe-hessen-sued","status":"publish","type":"post","link":"https:\/\/von-beluga.de\/?p=1580","title":{"rendered":"Wesens\u00fcberpr\u00fcfung der Landesgruppe Hessen-S\u00fcd"},"content":{"rendered":"<p>An 08.07.2017 wurde in der Landesgruppe Hessen-S\u00fcd die erste Wesens\u00fcberpr\u00fcfung durchgef\u00fchrt. Austragungsort war die Ortsgruppe Gro\u00df-Bieberau und Leistungsrichter Reiner Beitel hat mit Hilfe seiner beiden Assistenten die Hunde \u00fcberpr\u00fcft.Teilgenommen haben unter anderem meine <span style=\"color: #0000ff;\"><strong>Las Palmas<\/strong><\/span> und <span style=\"color: #0000ff;\"><strong>Kiss me<\/strong><\/span> mit Manuela M\u00fcller. <img loading=\"lazy\" decoding=\"async\" class=\"alignnone size-full wp-image-1582\" src=\"https:\/\/von-beluga.de\/wp-content\/uploads\/2017\/07\/Wesensbeurteilung_080717-724x1024-2_LI.jpg\" alt=\"\" width=\"583\" height=\"333\" \/> Wir haben unsere 1. Wesensbeurteilung hinter uns gebracht. Es war ein sehr langer und sehr hei\u00dfer Tag. Alle Hunde haben doch ganz sch\u00f6n unter der Hitze gelitten. Allerdings war in unmittelbarer N\u00e4he ein recht tiefer Bach, sodass unsere Hunde wenigsten ein Bad nehmen und sich abk\u00fchlen konnten. <span style=\"color: #0000ff;\"><strong>Las Palmas<\/strong><\/span> fand den Test recht easy. Lediglich in der &#8222;Vereinsamung&#8220; ( 10 Minuten angebunden, mit keinerlei Kontakt) war es ihr nicht so geheuer und sie war froh nach dieser Zeit wieder abgeholt zu werden. <span style=\"color: #0000ff;\"><strong>Kiss me<\/strong><\/span> war ganz lustig drauf und hat ein wenig Eigendynamik zum Besten gegeben. Ihre gr\u00f6\u00dfte &#8222;H\u00fcrde&#8220; im Vorfeld, der lange Weg \u00fcber den Bierzeltgarnituren, hat sie mit Bravour gemeistert. <img loading=\"lazy\" decoding=\"async\" class=\"alignnone size-full wp-image-1630\" src=\"https:\/\/von-beluga.de\/wp-content\/uploads\/2017\/07\/KISSME.jpg\" alt=\"\" width=\"602\" height=\"853\" \/><img loading=\"lazy\" decoding=\"async\" class=\"alignnone size-full wp-image-1586\" src=\"https:\/\/von-beluga.de\/wp-content\/uploads\/2017\/07\/001-kl..jpg\" alt=\"\" width=\"558\" height=\"768\" \/> Las Palmas in Aktion. Bilder von der Veranstaltung. Ganz lieben Dank an <strong>Daniela Heupt<\/strong> f\u00fcr die tollen Fotos.<\/p>\n<p><img loading=\"lazy\" decoding=\"async\" class=\"wp-image-1613 alignleft\" src=\"https:\/\/von-beluga.de\/wp-content\/uploads\/2017\/07\/Palmas.jpg\" alt=\"\" width=\"421\" height=\"344\" \/><img loading=\"lazy\" decoding=\"async\" class=\"wp-image-1614 alignleft\" src=\"https:\/\/von-beluga.de\/wp-content\/uploads\/2017\/07\/Palmas3.jpg\" alt=\"\" width=\"477\" height=\"278\" \/> \u00a0 \u00a0 \u00a0 \u00a0 \u00a0 \u00a0 <img loading=\"lazy\" decoding=\"async\" class=\"alignnone wp-image-1616\" src=\"https:\/\/von-beluga.de\/wp-content\/uploads\/2017\/07\/Palmas6.jpg\" alt=\"\" width=\"227\" height=\"246\" \/><img loading=\"lazy\" decoding=\"async\" class=\"alignnone wp-image-1617\" src=\"https:\/\/von-beluga.de\/wp-content\/uploads\/2017\/07\/Palmas7.jpg\" alt=\"\" width=\"245\" height=\"247\" \/><img loading=\"lazy\" decoding=\"async\" class=\"alignnone wp-image-1619\" src=\"https:\/\/von-beluga.de\/wp-content\/uploads\/2017\/07\/Palmas9.jpg\" alt=\"\" width=\"246\" height=\"282\" \/><img loading=\"lazy\" decoding=\"async\" class=\"alignnone wp-image-1618\" src=\"https:\/\/von-beluga.de\/wp-content\/uploads\/2017\/07\/Palmas8.jpg\" alt=\"\" width=\"199\" height=\"172\" \/><img loading=\"lazy\" decoding=\"async\" class=\"alignnone size-full wp-image-1620\" src=\"https:\/\/von-beluga.de\/wp-content\/uploads\/2017\/07\/Palmas10.jpg\" alt=\"\" width=\"1024\" height=\"490\" \/> Jetzt auch Bilder von <span style=\"color: #0000ff;\"><strong>Kiss me<\/strong><\/span> und Manuela M\u00fcller. Auch daf\u00fcr ganz lieben Dank an Daniela Heupt.<\/p>\n","protected":false},"excerpt":{"rendered":"<p>An 08.07.2017 wurde in der Landesgruppe Hessen-S\u00fcd die erste Wesens\u00fcberpr\u00fcfung durchgef\u00fchrt. Austragungsort war die Ortsgruppe Gro\u00df-Bieberau und Leistungsrichter Reiner Beitel hat mit Hilfe seiner beiden Assistenten die Hunde \u00fcberpr\u00fcft.Teilgenommen haben unter anderem meine Las Palmas und Kiss me mit Manuela &hellip; <a href=\"https:\/\/von-beluga.de\/?p=1580\">Weiterlesen <span class=\"meta-nav\">&rarr;<\/span><\/a><\/p>\n","protected":false},"author":1,"featured_media":0,"comment_status":"closed","ping_status":"closed","sticky":false,"template":"","format":"standard","meta":{"footnotes":""},"categories":[4],"tags":[],"class_list":["post-1580","post","type-post","status-publish","format-standard","hentry","category-pruefungen"],"_links":{"self":[{"href":"https:\/\/von-beluga.de\/index.php?rest_route=\/wp\/v2\/posts\/1580","targetHints":{"allow":["GET"]}}],"collection":[{"href":"https:\/\/von-beluga.de\/index.php?rest_route=\/wp\/v2\/posts"}],"about":[{"href":"https:\/\/von-beluga.de\/index.php?rest_route=\/wp\/v2\/types\/post"}],"author":[{"embeddable":true,"href":"https:\/\/von-beluga.de\/index.php?rest_route=\/wp\/v2\/users\/1"}],"replies":[{"embeddable":true,"href":"https:\/\/von-beluga.de\/index.php?rest_route=%2Fwp%2Fv2%2Fcomments&post=1580"}],"version-history":[{"count":14,"href":"https:\/\/von-beluga.de\/index.php?rest_route=\/wp\/v2\/posts\/1580\/revisions"}],"predecessor-version":[{"id":2129,"href":"https:\/\/von-beluga.de\/index.php?rest_route=\/wp\/v2\/posts\/1580\/revisions\/2129"}],"wp:attachment":[{"href":"https:\/\/von-beluga.de\/index.php?rest_route=%2Fwp%2Fv2%2Fmedia&parent=1580"}],"wp:term":[{"taxonomy":"category","embeddable":true,"href":"https:\/\/von-beluga.de\/index.php?rest_route=%2Fwp%2Fv2%2Fcategories&post=1580"},{"taxonomy":"post_tag","embeddable":true,"href":"https:\/\/von-beluga.de\/index.php?rest_route=%2Fwp%2Fv2%2Ftags&post=1580"}],"curies":[{"name":"wp","href":"https:\/\/api.w.org\/{rel}","templated":true}]}}