{"id":2307,"date":"2017-12-02T20:53:38","date_gmt":"2017-12-02T19:53:38","guid":{"rendered":"http:\/\/von-beluga.de\/?p=2307"},"modified":"2017-12-03T21:40:32","modified_gmt":"2017-12-03T20:40:32","slug":"nationale-rassehundeausstellung-in-karlsruhe","status":"publish","type":"post","link":"https:\/\/von-beluga.de\/?p=2307","title":{"rendered":"Nationale Rassehundeausstellung in Karlsruhe"},"content":{"rendered":"<p><img loading=\"lazy\" decoding=\"async\" class=\"wp-image-2308 aligncenter\" src=\"https:\/\/von-beluga.de\/wp-content\/uploads\/2017\/11\/LV-BW-Logo-Original-rot-cf1ad00cf001956dc9cdc9196c14e457.png\" alt=\"\" width=\"486\" height=\"178\" \/><\/p>\n<p>Am 02. Dezember 2017 haben wir mit Justizia und Las Palmas die Nationale Rassehundeausstellung in Karlsruhe besucht.\u00a0\u00a0\u00a0\u00a0\u00a0\u00a0\u00a0\u00a0\u00a0\u00a0\u00a0\u00a0\u00a0\u00a0\u00a0\u00a0\u00a0\u00a0\u00a0\u00a0\u00a0\u00a0\u00a0\u00a0\u00a0\u00a0\u00a0\u00a0\u00a0\u00a0\u00a0\u00a0\u00a0\u00a0\u00a0\u00a0\u00a0\u00a0\u00a0\u00a0\u00a0\u00a0\u00a0\u00a0\u00a0\u00a0\u00a0\u00a0\u00a0\u00a0\u00a0\u00a0\u00a0\u00a0\u00a0\u00a0\u00a0\u00a0\u00a0\u00a0\u00a0\u00a0\u00a0\u00a0\u00a0 Die Deutschen Sch\u00e4ferhunde wurden von Herrn Stefan Sinko (SLO) gerichtet.\u00a0\u00a0\u00a0\u00a0\u00a0\u00a0\u00a0\u00a0\u00a0\u00a0\u00a0\u00a0\u00a0\u00a0\u00a0\u00a0 <span style=\"color: #0000ff;\"><strong>Justizia<\/strong><\/span> erhielt in der Gebrauchshundeklasse Sehr Gut 1 und<span style=\"color: #0000ff;\"><strong> Las Palmas<\/strong><\/span> konnte in der Offenen-Klasse Vorz\u00fcglich1, VDH-Anw.,CAC, BOB &amp; den Titel Sieger Karlsruhe erreichen. Sie wurde anschlie\u00dfend im Ehrenring vom amtierenden Richter Horst Kliebenstein als einer der sechs besten Hunde in der FCI Gr.1 gew\u00e4hlt. Leider hat es dann nicht auf das Treppchen gereicht.<\/p>\n<p><img loading=\"lazy\" decoding=\"async\" class=\"alignnone size-full wp-image-2327\" src=\"https:\/\/von-beluga.de\/wp-content\/uploads\/2017\/12\/IMG-20171203-WA0008-1.jpg\" alt=\"\" width=\"854\" height=\"512\" \/><\/p>\n","protected":false},"excerpt":{"rendered":"<p>Am 02. Dezember 2017 haben wir mit Justizia und Las Palmas die Nationale Rassehundeausstellung in Karlsruhe besucht.\u00a0\u00a0\u00a0\u00a0\u00a0\u00a0\u00a0\u00a0\u00a0\u00a0\u00a0\u00a0\u00a0\u00a0\u00a0\u00a0\u00a0\u00a0\u00a0\u00a0\u00a0\u00a0\u00a0\u00a0\u00a0\u00a0\u00a0\u00a0\u00a0\u00a0\u00a0\u00a0\u00a0\u00a0\u00a0\u00a0\u00a0\u00a0\u00a0\u00a0\u00a0\u00a0\u00a0\u00a0\u00a0\u00a0\u00a0\u00a0\u00a0\u00a0\u00a0\u00a0\u00a0\u00a0\u00a0\u00a0\u00a0\u00a0\u00a0\u00a0\u00a0\u00a0\u00a0\u00a0\u00a0 Die Deutschen Sch\u00e4ferhunde wurden von Herrn Stefan Sinko (SLO) gerichtet.\u00a0\u00a0\u00a0\u00a0\u00a0\u00a0\u00a0\u00a0\u00a0\u00a0\u00a0\u00a0\u00a0\u00a0\u00a0\u00a0 Justizia erhielt in der Gebrauchshundeklasse Sehr Gut 1 und Las Palmas konnte in &hellip; <a href=\"https:\/\/von-beluga.de\/?p=2307\">Weiterlesen <span class=\"meta-nav\">&rarr;<\/span><\/a><\/p>\n","protected":false},"author":1,"featured_media":0,"comment_status":"closed","ping_status":"closed","sticky":false,"template":"","format":"standard","meta":{"footnotes":""},"categories":[2],"tags":[],"class_list":["post-2307","post","type-post","status-publish","format-standard","hentry","category-ausstellungen"],"_links":{"self":[{"href":"https:\/\/von-beluga.de\/index.php?rest_route=\/wp\/v2\/posts\/2307","targetHints":{"allow":["GET"]}}],"collection":[{"href":"https:\/\/von-beluga.de\/index.php?rest_route=\/wp\/v2\/posts"}],"about":[{"href":"https:\/\/von-beluga.de\/index.php?rest_route=\/wp\/v2\/types\/post"}],"author":[{"embeddable":true,"href":"https:\/\/von-beluga.de\/index.php?rest_route=\/wp\/v2\/users\/1"}],"replies":[{"embeddable":true,"href":"https:\/\/von-beluga.de\/index.php?rest_route=%2Fwp%2Fv2%2Fcomments&post=2307"}],"version-history":[{"count":5,"href":"https:\/\/von-beluga.de\/index.php?rest_route=\/wp\/v2\/posts\/2307\/revisions"}],"predecessor-version":[{"id":2328,"href":"https:\/\/von-beluga.de\/index.php?rest_route=\/wp\/v2\/posts\/2307\/revisions\/2328"}],"wp:attachment":[{"href":"https:\/\/von-beluga.de\/index.php?rest_route=%2Fwp%2Fv2%2Fmedia&parent=2307"}],"wp:term":[{"taxonomy":"category","embeddable":true,"href":"https:\/\/von-beluga.de\/index.php?rest_route=%2Fwp%2Fv2%2Fcategories&post=2307"},{"taxonomy":"post_tag","embeddable":true,"href":"https:\/\/von-beluga.de\/index.php?rest_route=%2Fwp%2Fv2%2Ftags&post=2307"}],"curies":[{"name":"wp","href":"https:\/\/api.w.org\/{rel}","templated":true}]}}