{"id":2311,"date":"2017-12-03T21:45:26","date_gmt":"2017-12-03T20:45:26","guid":{"rendered":"http:\/\/von-beluga.de\/?p=2311"},"modified":"2017-12-03T21:45:26","modified_gmt":"2017-12-03T20:45:26","slug":"iras-karlsruhe-2017","status":"publish","type":"post","link":"https:\/\/von-beluga.de\/?p=2311","title":{"rendered":"IRAS Karlsruhe 2017"},"content":{"rendered":"<p>Am 03. Dezember fand ebenfalls in Karlsruhe die IRAS statt. \u00a0\u00a0\u00a0\u00a0\u00a0\u00a0\u00a0\u00a0\u00a0\u00a0\u00a0\u00a0\u00a0\u00a0\u00a0\u00a0\u00a0\u00a0\u00a0\u00a0\u00a0\u00a0\u00a0\u00a0\u00a0\u00a0\u00a0\u00a0\u00a0\u00a0\u00a0\u00a0\u00a0\u00a0\u00a0\u00a0\u00a0\u00a0\u00a0\u00a0\u00a0\u00a0\u00a0 Der SV hatte eine Sonderschau f\u00fcr Deutsche Sch\u00e4ferhunde angeschlossen und Herrn Harald Hohmann als Richter verpflichtet. Gemeldet waren 50 Deutsche Sch\u00e4ferhunde.\u00a0 Hier erreichte <span style=\"color: #0000ff;\"><strong>Justizia<\/strong><\/span> in der GHKL ein Vorz\u00fcglich 3 und <span style=\"color: #0000ff;\"><strong>Las Palmas<\/strong><\/span> wurde in der Zwischenklasse ebenfalls mit Vorz\u00fcglich an 1.Stelle bewertet und erhielt die VDH-Anw. auf den Dt.Champion.<\/p>\n","protected":false},"excerpt":{"rendered":"<p>Am 03. Dezember fand ebenfalls in Karlsruhe die IRAS statt. \u00a0\u00a0\u00a0\u00a0\u00a0\u00a0\u00a0\u00a0\u00a0\u00a0\u00a0\u00a0\u00a0\u00a0\u00a0\u00a0\u00a0\u00a0\u00a0\u00a0\u00a0\u00a0\u00a0\u00a0\u00a0\u00a0\u00a0\u00a0\u00a0\u00a0\u00a0\u00a0\u00a0\u00a0\u00a0\u00a0\u00a0\u00a0\u00a0\u00a0\u00a0\u00a0\u00a0 Der SV hatte eine Sonderschau f\u00fcr Deutsche Sch\u00e4ferhunde angeschlossen und Herrn Harald Hohmann als Richter verpflichtet. Gemeldet waren 50 Deutsche Sch\u00e4ferhunde.\u00a0 Hier erreichte Justizia in der GHKL ein Vorz\u00fcglich &hellip; <a href=\"https:\/\/von-beluga.de\/?p=2311\">Weiterlesen <span class=\"meta-nav\">&rarr;<\/span><\/a><\/p>\n","protected":false},"author":1,"featured_media":0,"comment_status":"closed","ping_status":"closed","sticky":false,"template":"","format":"standard","meta":{"footnotes":""},"categories":[2],"tags":[],"class_list":["post-2311","post","type-post","status-publish","format-standard","hentry","category-ausstellungen"],"_links":{"self":[{"href":"https:\/\/von-beluga.de\/index.php?rest_route=\/wp\/v2\/posts\/2311","targetHints":{"allow":["GET"]}}],"collection":[{"href":"https:\/\/von-beluga.de\/index.php?rest_route=\/wp\/v2\/posts"}],"about":[{"href":"https:\/\/von-beluga.de\/index.php?rest_route=\/wp\/v2\/types\/post"}],"author":[{"embeddable":true,"href":"https:\/\/von-beluga.de\/index.php?rest_route=\/wp\/v2\/users\/1"}],"replies":[{"embeddable":true,"href":"https:\/\/von-beluga.de\/index.php?rest_route=%2Fwp%2Fv2%2Fcomments&post=2311"}],"version-history":[{"count":3,"href":"https:\/\/von-beluga.de\/index.php?rest_route=\/wp\/v2\/posts\/2311\/revisions"}],"predecessor-version":[{"id":2329,"href":"https:\/\/von-beluga.de\/index.php?rest_route=\/wp\/v2\/posts\/2311\/revisions\/2329"}],"wp:attachment":[{"href":"https:\/\/von-beluga.de\/index.php?rest_route=%2Fwp%2Fv2%2Fmedia&parent=2311"}],"wp:term":[{"taxonomy":"category","embeddable":true,"href":"https:\/\/von-beluga.de\/index.php?rest_route=%2Fwp%2Fv2%2Fcategories&post=2311"},{"taxonomy":"post_tag","embeddable":true,"href":"https:\/\/von-beluga.de\/index.php?rest_route=%2Fwp%2Fv2%2Ftags&post=2311"}],"curies":[{"name":"wp","href":"https:\/\/api.w.org\/{rel}","templated":true}]}}