{"id":2806,"date":"2018-11-12T21:07:28","date_gmt":"2018-11-12T20:07:28","guid":{"rendered":"http:\/\/von-beluga.de\/?p=2806"},"modified":"2018-11-12T21:08:16","modified_gmt":"2018-11-12T20:08:16","slug":"nationale-ausstellung-in-karlsruhe","status":"publish","type":"post","link":"https:\/\/von-beluga.de\/?p=2806","title":{"rendered":"Nationale Ausstellung in Karlsruhe"},"content":{"rendered":"<p>Am 10.11.2018 wurden <em><strong><span style=\"color: #0000ff;\">Las Palmas<\/span><\/strong><\/em> und <span style=\"color: #0000ff;\"><strong><em>Justizia<\/em><\/strong><\/span> auf der Nationalen Ausstellung (VDH) in Karlsruhe dem amtierenden Richter aus Ungarn, Herrn Tammas Jakkel, vorgestellt. Las Palmas startete in der GHKL, erreichte Vorz\u00fcglich 1 und erhielt alle Anwartschaften. Auch Justizia, die in der Offenen Klasse gemeldet war, konnte das Pr\u00e4dikat Vorz\u00fcglich 1, sowie alle Anwartschaften erreichen.\u00a0\u00a0\u00a0\u00a0\u00a0\u00a0\u00a0\u00a0\u00a0\u00a0\u00a0\u00a0\u00a0\u00a0\u00a0\u00a0\u00a0\u00a0\u00a0\u00a0\u00a0\u00a0\u00a0\u00a0\u00a0\u00a0\u00a0\u00a0\u00a0\u00a0\u00a0\u00a0\u00a0\u00a0 \u00a0 \u00a0\u00a0 Las Palmas wurde dann zum Abschlu\u00df auch noch BOB (Best of Breed) und erhielt den Titel\u00a0 <strong><span style=\"color: #ff0000;\">Sieger Karlsruhe<\/span><\/strong>.<\/p>\n<p><img loading=\"lazy\" decoding=\"async\" class=\"wp-image-2810 aligncenter\" src=\"https:\/\/von-beluga.de\/wp-content\/uploads\/2018\/11\/Palmas-KA18-001.jpg\" alt=\"\" width=\"413\" height=\"565\" \/><\/p>\n","protected":false},"excerpt":{"rendered":"<p>Am 10.11.2018 wurden Las Palmas und Justizia auf der Nationalen Ausstellung (VDH) in Karlsruhe dem amtierenden Richter aus Ungarn, Herrn Tammas Jakkel, vorgestellt. Las Palmas startete in der GHKL, erreichte Vorz\u00fcglich 1 und erhielt alle Anwartschaften. Auch Justizia, die in &hellip; <a href=\"https:\/\/von-beluga.de\/?p=2806\">Weiterlesen <span class=\"meta-nav\">&rarr;<\/span><\/a><\/p>\n","protected":false},"author":1,"featured_media":0,"comment_status":"closed","ping_status":"closed","sticky":false,"template":"","format":"standard","meta":{"footnotes":""},"categories":[2],"tags":[],"class_list":["post-2806","post","type-post","status-publish","format-standard","hentry","category-ausstellungen"],"_links":{"self":[{"href":"https:\/\/von-beluga.de\/index.php?rest_route=\/wp\/v2\/posts\/2806","targetHints":{"allow":["GET"]}}],"collection":[{"href":"https:\/\/von-beluga.de\/index.php?rest_route=\/wp\/v2\/posts"}],"about":[{"href":"https:\/\/von-beluga.de\/index.php?rest_route=\/wp\/v2\/types\/post"}],"author":[{"embeddable":true,"href":"https:\/\/von-beluga.de\/index.php?rest_route=\/wp\/v2\/users\/1"}],"replies":[{"embeddable":true,"href":"https:\/\/von-beluga.de\/index.php?rest_route=%2Fwp%2Fv2%2Fcomments&post=2806"}],"version-history":[{"count":2,"href":"https:\/\/von-beluga.de\/index.php?rest_route=\/wp\/v2\/posts\/2806\/revisions"}],"predecessor-version":[{"id":2811,"href":"https:\/\/von-beluga.de\/index.php?rest_route=\/wp\/v2\/posts\/2806\/revisions\/2811"}],"wp:attachment":[{"href":"https:\/\/von-beluga.de\/index.php?rest_route=%2Fwp%2Fv2%2Fmedia&parent=2806"}],"wp:term":[{"taxonomy":"category","embeddable":true,"href":"https:\/\/von-beluga.de\/index.php?rest_route=%2Fwp%2Fv2%2Fcategories&post=2806"},{"taxonomy":"post_tag","embeddable":true,"href":"https:\/\/von-beluga.de\/index.php?rest_route=%2Fwp%2Fv2%2Ftags&post=2806"}],"curies":[{"name":"wp","href":"https:\/\/api.w.org\/{rel}","templated":true}]}}