{"id":2861,"date":"2018-12-11T21:39:29","date_gmt":"2018-12-11T20:39:29","guid":{"rendered":"http:\/\/von-beluga.de\/?p=2861"},"modified":"2018-12-11T21:39:29","modified_gmt":"2018-12-11T20:39:29","slug":"erfolgreiches-wochenende","status":"publish","type":"post","link":"https:\/\/von-beluga.de\/?p=2861","title":{"rendered":"Erfolgreiches Wochenende&#8230;&#8230;"},"content":{"rendered":"<p>Am 09.12.2018 fand in Kassel die Internationale Rassehundeausstellung vom VDH statt.\u00a0\u00a0\u00a0 Von unseren Hunden waren<span style=\"color: #0000ff;\"><strong><em> Justizia,<\/em><\/strong><strong><em> Las Palmas<\/em> <\/strong><\/span>und das Erfurter &#8222;Zottelchen&#8220; <span style=\"color: #0000ff;\"><strong><em>Monte<\/em> <em>Carlo<\/em><\/strong><\/span> gemeldet. Gerichtet wurden die Deutschen Sch\u00e4ferhunde von Herrn J.Pohling. Nachdem die R\u00fcden fertig gerichtet waren, kam Justizia an die Reihe. Sie startete in der GHKL und erreichte Vorz\u00fcglich 1. Danach wurde Las Palmas in der Offenen Klasse vorgestellt und auch sie bekam die Bewertung Vorz\u00fcglich 1.<\/p>\n<p>Dann mussten unsere beiden M\u00e4dels gegeneinander antreten und hier hatte Las Palmas die Nase vorn. Sie gewann das CACIB &amp; CAC und nach dem Stechen mit dem Gewinner der R\u00fcden konnte sie auch noch das Best of Breed (BOB) gewinnen.<\/p>\n<div id=\"attachment_2862\" style=\"width: 195px\" class=\"wp-caption alignright\"><img loading=\"lazy\" decoding=\"async\" aria-describedby=\"caption-attachment-2862\" class=\"wp-image-2862\" src=\"https:\/\/von-beluga.de\/wp-content\/uploads\/2018\/12\/IMG-20181210-WA0004-3-1.jpg\" alt=\"\" width=\"185\" height=\"279\" \/><p id=\"caption-attachment-2862\" class=\"wp-caption-text\">Justizia wird von Birgit im &#8222;Zweikampf&#8220; der M\u00e4dels gef\u00fchrt.<\/p><\/div>\n<p>&nbsp;<\/p>\n<div id=\"attachment_2853\" style=\"width: 222px\" class=\"wp-caption alignleft\"><img loading=\"lazy\" decoding=\"async\" aria-describedby=\"caption-attachment-2853\" class=\"wp-image-2853\" src=\"https:\/\/von-beluga.de\/wp-content\/uploads\/2018\/12\/IMG-20181210-WA0004-2.jpg\" alt=\"\" width=\"212\" height=\"190\" srcset=\"https:\/\/von-beluga.de\/wp-content\/uploads\/2018\/12\/IMG-20181210-WA0004-2.jpg 434w, https:\/\/von-beluga.de\/wp-content\/uploads\/2018\/12\/IMG-20181210-WA0004-2-300x267.jpg 300w, https:\/\/von-beluga.de\/wp-content\/uploads\/2018\/12\/IMG-20181210-WA0004-2-337x300.jpg 337w\" sizes=\"auto, (max-width: 212px) 100vw, 212px\" \/><p id=\"caption-attachment-2853\" class=\"wp-caption-text\">die Gewinnerin Las Palma<\/p><\/div>\n<p>&nbsp;<\/p>\n<p>&nbsp;<\/p>\n<p>&nbsp;<\/p>\n<p>&nbsp;<\/p>\n<p>&nbsp;<\/p>\n<p>&nbsp;<\/p>\n<p>&nbsp;<\/p>\n<p>&nbsp;<\/p>\n<p>&nbsp;<\/p>\n<p>Dann waren die Langstockhaar dran.\u00a0 Monte Carlo hat seine Arbeit super gut gemacht und wurde mit Vorz\u00fcglich 1 und BOB belohnt.<\/p>\n<p><img loading=\"lazy\" decoding=\"async\" class=\"wp-image-2863 aligncenter\" src=\"https:\/\/von-beluga.de\/wp-content\/uploads\/2018\/12\/IMG-20181210-WA0013-2-1.jpg\" alt=\"\" width=\"246\" height=\"347\" \/><\/p>\n<p>&nbsp;<\/p>\n<p>Unsere beiden Teilnehmer im Ehrenring<\/p>\n<p><img loading=\"lazy\" decoding=\"async\" class=\"wp-image-2858 alignleft\" src=\"https:\/\/von-beluga.de\/wp-content\/uploads\/2018\/12\/ck185961-jpg-1280-1.jpg\" alt=\"\" width=\"251\" height=\"271\" srcset=\"https:\/\/von-beluga.de\/wp-content\/uploads\/2018\/12\/ck185961-jpg-1280-1.jpg 466w, https:\/\/von-beluga.de\/wp-content\/uploads\/2018\/12\/ck185961-jpg-1280-1-277x300.jpg 277w\" sizes=\"auto, (max-width: 251px) 100vw, 251px\" \/><\/p>\n<p>&nbsp;<\/p>\n<p><img loading=\"lazy\" decoding=\"async\" class=\"alignright wp-image-2859\" src=\"https:\/\/von-beluga.de\/wp-content\/uploads\/2018\/12\/ck185963-1-jpg-2048.jpg\" alt=\"\" width=\"249\" height=\"289\" \/><\/p>\n","protected":false},"excerpt":{"rendered":"<p>Am 09.12.2018 fand in Kassel die Internationale Rassehundeausstellung vom VDH statt.\u00a0\u00a0\u00a0 Von unseren Hunden waren Justizia, Las Palmas und das Erfurter &#8222;Zottelchen&#8220; Monte Carlo gemeldet. Gerichtet wurden die Deutschen Sch\u00e4ferhunde von Herrn J.Pohling. Nachdem die R\u00fcden fertig gerichtet waren, kam &hellip; <a href=\"https:\/\/von-beluga.de\/?p=2861\">Weiterlesen <span class=\"meta-nav\">&rarr;<\/span><\/a><\/p>\n","protected":false},"author":1,"featured_media":0,"comment_status":"closed","ping_status":"closed","sticky":false,"template":"","format":"standard","meta":{"footnotes":""},"categories":[2],"tags":[],"class_list":["post-2861","post","type-post","status-publish","format-standard","hentry","category-ausstellungen"],"_links":{"self":[{"href":"https:\/\/von-beluga.de\/index.php?rest_route=\/wp\/v2\/posts\/2861","targetHints":{"allow":["GET"]}}],"collection":[{"href":"https:\/\/von-beluga.de\/index.php?rest_route=\/wp\/v2\/posts"}],"about":[{"href":"https:\/\/von-beluga.de\/index.php?rest_route=\/wp\/v2\/types\/post"}],"author":[{"embeddable":true,"href":"https:\/\/von-beluga.de\/index.php?rest_route=\/wp\/v2\/users\/1"}],"replies":[{"embeddable":true,"href":"https:\/\/von-beluga.de\/index.php?rest_route=%2Fwp%2Fv2%2Fcomments&post=2861"}],"version-history":[{"count":5,"href":"https:\/\/von-beluga.de\/index.php?rest_route=\/wp\/v2\/posts\/2861\/revisions"}],"predecessor-version":[{"id":2868,"href":"https:\/\/von-beluga.de\/index.php?rest_route=\/wp\/v2\/posts\/2861\/revisions\/2868"}],"wp:attachment":[{"href":"https:\/\/von-beluga.de\/index.php?rest_route=%2Fwp%2Fv2%2Fmedia&parent=2861"}],"wp:term":[{"taxonomy":"category","embeddable":true,"href":"https:\/\/von-beluga.de\/index.php?rest_route=%2Fwp%2Fv2%2Fcategories&post=2861"},{"taxonomy":"post_tag","embeddable":true,"href":"https:\/\/von-beluga.de\/index.php?rest_route=%2Fwp%2Fv2%2Ftags&post=2861"}],"curies":[{"name":"wp","href":"https:\/\/api.w.org\/{rel}","templated":true}]}}