{"id":2936,"date":"2019-03-12T15:07:54","date_gmt":"2019-03-12T14:07:54","guid":{"rendered":"http:\/\/von-beluga.de\/?p=2936"},"modified":"2019-03-12T15:07:54","modified_gmt":"2019-03-12T14:07:54","slug":"internationale-ausstellung-in-offenburg","status":"publish","type":"post","link":"https:\/\/von-beluga.de\/?p=2936","title":{"rendered":"Internationale Ausstellung in Offenburg"},"content":{"rendered":"\n<p class=\"has-medium-font-size\">Am 10.03.2019 fand in Offenburg eine gro\u00dfe internationale Ausstellung  statt.                                                                               Die Deutschen Sch\u00e4ferhunde wurden auf einer Sonderschau des SV von Robert Lang gerichtet.                                                                                                                                    Las Palmas startete in der Championklasse und erreichte ein Vorz\u00fcglich 1. Au\u00dferdem bekam sie das CACIB &amp; BOS zugesprochen und tr\u00e4gt damit die Titel Sieger Ortenau 2019 &amp; Alpensieger 2019.<\/p>\n\n\n\n<figure class=\"wp-block-image\"><img loading=\"lazy\" decoding=\"async\" width=\"701\" height=\"1024\" src=\"https:\/\/von-beluga.de\/wp-content\/uploads\/2019\/03\/20190310_130918-701x1024.jpg\" alt=\"\" class=\"wp-image-2937\" srcset=\"https:\/\/von-beluga.de\/wp-content\/uploads\/2019\/03\/20190310_130918-701x1024.jpg 701w, https:\/\/von-beluga.de\/wp-content\/uploads\/2019\/03\/20190310_130918-205x300.jpg 205w, https:\/\/von-beluga.de\/wp-content\/uploads\/2019\/03\/20190310_130918-768x1121.jpg 768w, https:\/\/von-beluga.de\/wp-content\/uploads\/2019\/03\/20190310_130918.jpg 1901w\" sizes=\"auto, (max-width: 701px) 100vw, 701px\" \/><\/figure>\n\n\n\n<ul class=\"wp-block-gallery columns-2 is-cropped wp-block-gallery-1 is-layout-flex wp-block-gallery-is-layout-flex\"><li class=\"blocks-gallery-item\"><figure><img loading=\"lazy\" decoding=\"async\" width=\"558\" height=\"768\" src=\"https:\/\/von-beluga.de\/wp-content\/uploads\/2019\/03\/Palmas-Alpen19-001.jpg\" alt=\"\" data-id=\"2938\" class=\"wp-image-2938\" srcset=\"https:\/\/von-beluga.de\/wp-content\/uploads\/2019\/03\/Palmas-Alpen19-001.jpg 558w, https:\/\/von-beluga.de\/wp-content\/uploads\/2019\/03\/Palmas-Alpen19-001-218x300.jpg 218w\" sizes=\"auto, (max-width: 558px) 100vw, 558px\" \/><\/figure><\/li><li class=\"blocks-gallery-item\"><figure><img loading=\"lazy\" decoding=\"async\" width=\"558\" height=\"768\" src=\"https:\/\/von-beluga.de\/wp-content\/uploads\/2019\/03\/Palmas-Ortenau19-001.jpg\" alt=\"\" data-id=\"2939\" data-link=\"https:\/\/von-beluga.de\/?attachment_id=2939\" class=\"wp-image-2939\" srcset=\"https:\/\/von-beluga.de\/wp-content\/uploads\/2019\/03\/Palmas-Ortenau19-001.jpg 558w, https:\/\/von-beluga.de\/wp-content\/uploads\/2019\/03\/Palmas-Ortenau19-001-218x300.jpg 218w\" sizes=\"auto, (max-width: 558px) 100vw, 558px\" \/><\/figure><\/li><\/ul>\n","protected":false},"excerpt":{"rendered":"<p>Am 10.03.2019 fand in Offenburg eine gro\u00dfe internationale Ausstellung statt. Die Deutschen Sch\u00e4ferhunde wurden auf einer Sonderschau des SV von Robert Lang gerichtet. Las Palmas startete in der Championklasse und erreichte ein Vorz\u00fcglich 1. Au\u00dferdem bekam sie das CACIB &amp; &hellip; <a href=\"https:\/\/von-beluga.de\/?p=2936\">Weiterlesen <span class=\"meta-nav\">&rarr;<\/span><\/a><\/p>\n","protected":false},"author":1,"featured_media":0,"comment_status":"closed","ping_status":"closed","sticky":false,"template":"","format":"standard","meta":{"footnotes":""},"categories":[2],"tags":[],"class_list":["post-2936","post","type-post","status-publish","format-standard","hentry","category-ausstellungen"],"_links":{"self":[{"href":"https:\/\/von-beluga.de\/index.php?rest_route=\/wp\/v2\/posts\/2936","targetHints":{"allow":["GET"]}}],"collection":[{"href":"https:\/\/von-beluga.de\/index.php?rest_route=\/wp\/v2\/posts"}],"about":[{"href":"https:\/\/von-beluga.de\/index.php?rest_route=\/wp\/v2\/types\/post"}],"author":[{"embeddable":true,"href":"https:\/\/von-beluga.de\/index.php?rest_route=\/wp\/v2\/users\/1"}],"replies":[{"embeddable":true,"href":"https:\/\/von-beluga.de\/index.php?rest_route=%2Fwp%2Fv2%2Fcomments&post=2936"}],"version-history":[{"count":1,"href":"https:\/\/von-beluga.de\/index.php?rest_route=\/wp\/v2\/posts\/2936\/revisions"}],"predecessor-version":[{"id":2940,"href":"https:\/\/von-beluga.de\/index.php?rest_route=\/wp\/v2\/posts\/2936\/revisions\/2940"}],"wp:attachment":[{"href":"https:\/\/von-beluga.de\/index.php?rest_route=%2Fwp%2Fv2%2Fmedia&parent=2936"}],"wp:term":[{"taxonomy":"category","embeddable":true,"href":"https:\/\/von-beluga.de\/index.php?rest_route=%2Fwp%2Fv2%2Fcategories&post=2936"},{"taxonomy":"post_tag","embeddable":true,"href":"https:\/\/von-beluga.de\/index.php?rest_route=%2Fwp%2Fv2%2Ftags&post=2936"}],"curies":[{"name":"wp","href":"https:\/\/api.w.org\/{rel}","templated":true}]}}