{"id":3004,"date":"2019-05-13T16:21:08","date_gmt":"2019-05-13T14:21:08","guid":{"rendered":"http:\/\/von-beluga.de\/?p=3004"},"modified":"2019-05-13T16:30:08","modified_gmt":"2019-05-13T14:30:08","slug":"exposition-canine-internationale","status":"publish","type":"post","link":"https:\/\/von-beluga.de\/?p=3004","title":{"rendered":"Exposition Canine Internationale"},"content":{"rendered":"\n<p class=\"has-text-color has-drop-cap has-black-color\">Am 12.05.2019 besuchten wir mit Justizia und Las Palmas und den beiden H\u00fcndinnen von Freundin Susanne die Internationale Zuchtschau in Luxemburg.                                        Dieser Tag war \u00fcberaus erfolgreich f\u00fcr unsere M\u00e4dels.                                                                               Der Richter Herr Dirk Spruyt aus Belgien richtete unsere Rasse und bewertete unsere Hunde alle mit Vorz\u00fcglich.    <\/p>\n\n\n\n<figure class=\"wp-block-image\"><img loading=\"lazy\" decoding=\"async\" width=\"645\" height=\"860\" src=\"https:\/\/von-beluga.de\/wp-content\/uploads\/2019\/05\/IMG-20190512-WA0003-1.jpg\" alt=\"\" class=\"wp-image-3009\" srcset=\"https:\/\/von-beluga.de\/wp-content\/uploads\/2019\/05\/IMG-20190512-WA0003-1.jpg 645w, https:\/\/von-beluga.de\/wp-content\/uploads\/2019\/05\/IMG-20190512-WA0003-1-225x300.jpg 225w\" sizes=\"auto, (max-width: 645px) 100vw, 645px\" \/><\/figure>\n\n\n\n<p style=\"color:#000000\" class=\"has-text-color has-background has-white-background-color\">                                                                                                                                              <strong><em>Justizia <\/em><\/strong>startete in der GHKL und erhielt V1, sowie die Anwartschaft auf den Lux.Champion Titel.                                                                                                                   <strong><em>Las Palmas<\/em><\/strong> wurde in der CHKL vorgestellt und wurde ebenfalls mit V1 und der Anwartschaft bewertet.                                                                                                Im Stechen der Siegerh\u00fcndinnen aus allen Klassen wurde sie als beste H\u00fcndin ausgezeichnet und erhielt das CACIB.                                                                Danach musste sie sich der Konkurrenz gegen den besten R\u00fcden der Rasse stellen und wurde hier von Herrn Spruyt als bester Deutscher Sch\u00e4ferhund                 ( BOB ) geehrt.<\/p>\n\n\n\n<p><\/p>\n","protected":false},"excerpt":{"rendered":"<p>Am 12.05.2019 besuchten wir mit Justizia und Las Palmas und den beiden H\u00fcndinnen von Freundin Susanne die Internationale Zuchtschau in Luxemburg. Dieser Tag war \u00fcberaus erfolgreich f\u00fcr unsere M\u00e4dels. Der Richter Herr Dirk Spruyt aus Belgien richtete unsere Rasse und &hellip; <a href=\"https:\/\/von-beluga.de\/?p=3004\">Weiterlesen <span class=\"meta-nav\">&rarr;<\/span><\/a><\/p>\n","protected":false},"author":1,"featured_media":0,"comment_status":"closed","ping_status":"closed","sticky":false,"template":"","format":"standard","meta":{"footnotes":""},"categories":[2],"tags":[],"class_list":["post-3004","post","type-post","status-publish","format-standard","hentry","category-ausstellungen"],"_links":{"self":[{"href":"https:\/\/von-beluga.de\/index.php?rest_route=\/wp\/v2\/posts\/3004","targetHints":{"allow":["GET"]}}],"collection":[{"href":"https:\/\/von-beluga.de\/index.php?rest_route=\/wp\/v2\/posts"}],"about":[{"href":"https:\/\/von-beluga.de\/index.php?rest_route=\/wp\/v2\/types\/post"}],"author":[{"embeddable":true,"href":"https:\/\/von-beluga.de\/index.php?rest_route=\/wp\/v2\/users\/1"}],"replies":[{"embeddable":true,"href":"https:\/\/von-beluga.de\/index.php?rest_route=%2Fwp%2Fv2%2Fcomments&post=3004"}],"version-history":[{"count":3,"href":"https:\/\/von-beluga.de\/index.php?rest_route=\/wp\/v2\/posts\/3004\/revisions"}],"predecessor-version":[{"id":3010,"href":"https:\/\/von-beluga.de\/index.php?rest_route=\/wp\/v2\/posts\/3004\/revisions\/3010"}],"wp:attachment":[{"href":"https:\/\/von-beluga.de\/index.php?rest_route=%2Fwp%2Fv2%2Fmedia&parent=3004"}],"wp:term":[{"taxonomy":"category","embeddable":true,"href":"https:\/\/von-beluga.de\/index.php?rest_route=%2Fwp%2Fv2%2Fcategories&post=3004"},{"taxonomy":"post_tag","embeddable":true,"href":"https:\/\/von-beluga.de\/index.php?rest_route=%2Fwp%2Fv2%2Ftags&post=3004"}],"curies":[{"name":"wp","href":"https:\/\/api.w.org\/{rel}","templated":true}]}}