{"id":3014,"date":"2019-05-19T21:29:20","date_gmt":"2019-05-19T19:29:20","guid":{"rendered":"http:\/\/von-beluga.de\/?p=3014"},"modified":"2019-05-20T15:35:50","modified_gmt":"2019-05-20T13:35:50","slug":"fruehjahrssiegerausstellung","status":"publish","type":"post","link":"https:\/\/von-beluga.de\/?p=3014","title":{"rendered":"Fr\u00fchjahrssiegerausstellung&#8230;&#8230;&#8230;"},"content":{"rendered":"\n<p>Am19.05.2019 starteten wir nach Dortmund zur Fr\u00fchjahrssiegerausstellung.            <strong><em>Justizia, Las Palmas<\/em><\/strong> und unser j\u00fcngstes Rudelmitglied <strong><em>Nairobi<\/em><\/strong> sollten ausgestellt werden. Aus Erfurt reisten dann auch noch <strong><em>Monte Carlo<\/em><\/strong> mit seinen Besitzern Ines und Lothar an. Der Richter f\u00fcr Deutsche Sch\u00e4ferhunde war Herr Stefan Sinko (SL).                           Unsere M\u00e4dels und der Bub erreichten alle in den jeweiligen Klassen das Vorz\u00fcglich 1. <\/p>\n\n\n\n<figure class=\"wp-block-image\"><img loading=\"lazy\" decoding=\"async\" width=\"1024\" height=\"637\" src=\"https:\/\/von-beluga.de\/wp-content\/uploads\/2019\/05\/20190519_115655-1-1024x637.jpg\" alt=\"\" class=\"wp-image-3020\" srcset=\"https:\/\/von-beluga.de\/wp-content\/uploads\/2019\/05\/20190519_115655-1-1024x637.jpg 1024w, https:\/\/von-beluga.de\/wp-content\/uploads\/2019\/05\/20190519_115655-1-300x187.jpg 300w, https:\/\/von-beluga.de\/wp-content\/uploads\/2019\/05\/20190519_115655-1-768x477.jpg 768w, https:\/\/von-beluga.de\/wp-content\/uploads\/2019\/05\/20190519_115655-1-483x300.jpg 483w\" sizes=\"auto, (max-width: 1024px) 100vw, 1024px\" \/><figcaption>                       <strong>Nairobi &#8211; JGKL   \/   Justizia &#8211; GHKL   \/  Las Palmas &#8211; CHKL<\/strong><\/figcaption><\/figure>\n\n\n\n<ul class=\"wp-block-gallery columns-1 is-cropped wp-block-gallery-1 is-layout-flex wp-block-gallery-is-layout-flex\"><li class=\"blocks-gallery-item\"><figure><img loading=\"lazy\" decoding=\"async\" width=\"764\" height=\"998\" src=\"https:\/\/von-beluga.de\/wp-content\/uploads\/2019\/05\/IMG-20190520-WA0005.jpg\" alt=\"\" data-id=\"3028\" data-link=\"https:\/\/von-beluga.de\/?attachment_id=3028\" class=\"wp-image-3028\" srcset=\"https:\/\/von-beluga.de\/wp-content\/uploads\/2019\/05\/IMG-20190520-WA0005.jpg 764w, https:\/\/von-beluga.de\/wp-content\/uploads\/2019\/05\/IMG-20190520-WA0005-230x300.jpg 230w\" sizes=\"auto, (max-width: 764px) 100vw, 764px\" \/><figcaption>Monte Carlo mit Lothar und Ines aus Erfurt<\/figcaption><\/figure><\/li><\/ul>\n\n\n\n<p>Die J\u00fcngste im Bunde, <strong><em>Nairobi<\/em><\/strong>, konnte au\u00dferdem noch den Titel VDH Jugend-Fr\u00fchjahrssieger mit nach Hause nehmen und wurde bester Junghund.<\/p>\n\n\n\n<ul class=\"wp-block-gallery columns-2 is-cropped wp-block-gallery-2 is-layout-flex wp-block-gallery-is-layout-flex\"><li class=\"blocks-gallery-item\"><figure><img loading=\"lazy\" decoding=\"async\" width=\"486\" height=\"493\" src=\"https:\/\/von-beluga.de\/wp-content\/uploads\/2019\/05\/IMG-20190520-WA0001.kljpg_.jpg\" alt=\"\" data-id=\"3029\" data-link=\"https:\/\/von-beluga.de\/?attachment_id=3029\" class=\"wp-image-3029\" srcset=\"https:\/\/von-beluga.de\/wp-content\/uploads\/2019\/05\/IMG-20190520-WA0001.kljpg_.jpg 486w, https:\/\/von-beluga.de\/wp-content\/uploads\/2019\/05\/IMG-20190520-WA0001.kljpg_-296x300.jpg 296w\" sizes=\"auto, (max-width: 486px) 100vw, 486px\" \/><\/figure><\/li><li class=\"blocks-gallery-item\"><figure><img loading=\"lazy\" decoding=\"async\" width=\"960\" height=\"1024\" src=\"https:\/\/von-beluga.de\/wp-content\/uploads\/2019\/05\/DSC_0096-3-960x1024.jpg\" alt=\"\" data-id=\"3030\" data-link=\"https:\/\/von-beluga.de\/?attachment_id=3030\" class=\"wp-image-3030\" srcset=\"https:\/\/von-beluga.de\/wp-content\/uploads\/2019\/05\/DSC_0096-3-960x1024.jpg 960w, https:\/\/von-beluga.de\/wp-content\/uploads\/2019\/05\/DSC_0096-3-281x300.jpg 281w, https:\/\/von-beluga.de\/wp-content\/uploads\/2019\/05\/DSC_0096-3-768x819.jpg 768w\" sizes=\"auto, (max-width: 960px) 100vw, 960px\" \/><\/figure><\/li><\/ul>\n\n\n\n<ul class=\"wp-block-gallery columns-0 is-cropped wp-block-gallery-3 is-layout-flex wp-block-gallery-is-layout-flex\"><\/ul>\n","protected":false},"excerpt":{"rendered":"<p>Am19.05.2019 starteten wir nach Dortmund zur Fr\u00fchjahrssiegerausstellung. Justizia, Las Palmas und unser j\u00fcngstes Rudelmitglied Nairobi sollten ausgestellt werden. Aus Erfurt reisten dann auch noch Monte Carlo mit seinen Besitzern Ines und Lothar an. Der Richter f\u00fcr Deutsche Sch\u00e4ferhunde war Herr &hellip; <a href=\"https:\/\/von-beluga.de\/?p=3014\">Weiterlesen <span class=\"meta-nav\">&rarr;<\/span><\/a><\/p>\n","protected":false},"author":1,"featured_media":0,"comment_status":"closed","ping_status":"closed","sticky":false,"template":"","format":"standard","meta":{"footnotes":""},"categories":[2],"tags":[],"class_list":["post-3014","post","type-post","status-publish","format-standard","hentry","category-ausstellungen"],"_links":{"self":[{"href":"https:\/\/von-beluga.de\/index.php?rest_route=\/wp\/v2\/posts\/3014","targetHints":{"allow":["GET"]}}],"collection":[{"href":"https:\/\/von-beluga.de\/index.php?rest_route=\/wp\/v2\/posts"}],"about":[{"href":"https:\/\/von-beluga.de\/index.php?rest_route=\/wp\/v2\/types\/post"}],"author":[{"embeddable":true,"href":"https:\/\/von-beluga.de\/index.php?rest_route=\/wp\/v2\/users\/1"}],"replies":[{"embeddable":true,"href":"https:\/\/von-beluga.de\/index.php?rest_route=%2Fwp%2Fv2%2Fcomments&post=3014"}],"version-history":[{"count":4,"href":"https:\/\/von-beluga.de\/index.php?rest_route=\/wp\/v2\/posts\/3014\/revisions"}],"predecessor-version":[{"id":3031,"href":"https:\/\/von-beluga.de\/index.php?rest_route=\/wp\/v2\/posts\/3014\/revisions\/3031"}],"wp:attachment":[{"href":"https:\/\/von-beluga.de\/index.php?rest_route=%2Fwp%2Fv2%2Fmedia&parent=3014"}],"wp:term":[{"taxonomy":"category","embeddable":true,"href":"https:\/\/von-beluga.de\/index.php?rest_route=%2Fwp%2Fv2%2Fcategories&post=3014"},{"taxonomy":"post_tag","embeddable":true,"href":"https:\/\/von-beluga.de\/index.php?rest_route=%2Fwp%2Fv2%2Ftags&post=3014"}],"curies":[{"name":"wp","href":"https:\/\/api.w.org\/{rel}","templated":true}]}}