{"id":3084,"date":"2019-06-30T21:53:55","date_gmt":"2019-06-30T19:53:55","guid":{"rendered":"http:\/\/von-beluga.de\/?p=3084"},"modified":"2019-07-02T16:36:14","modified_gmt":"2019-07-02T14:36:14","slug":"ein-besuch-in-der-schweiz","status":"publish","type":"post","link":"https:\/\/von-beluga.de\/?p=3084","title":{"rendered":"Ein Besuch in der Schweiz"},"content":{"rendered":"\n<div class=\"wp-block-image\"><figure class=\"aligncenter is-resized\"><img loading=\"lazy\" decoding=\"async\" src=\"https:\/\/von-beluga.de\/wp-content\/uploads\/2019\/07\/aarau_gross.gif\" alt=\"\" class=\"wp-image-3105\" width=\"387\" height=\"179\"\/><\/figure><\/div>\n\n\n\n<p>Am 29.\/30.06.2019 sind wir auf ein langes Wochenende ( 3 Schauen ) in die Schweiz gefahren um den Versuch zu starten eine noch ben\u00f6tigte Anwartschaft zu erk\u00e4mpfen.       In Aarau bestand an diesem Wochenende die M\u00f6glichkeit den Hund an drei verschiedenen Ausstellungen unter verschiedenen Richtern vorzustellen.                                                 <strong><em>Las Palmas<\/em><\/strong> startete in der Championklasse und wurde von allen 3 Richtern mit V1 und den dazugeh\u00f6renden Anwartschaften bewertet. Damit haben wir nicht nur das noch fehlende Auslands &#8211; CACIB erhalten, sondern au\u00dferdem reichten die CAC um den Titel <strong>Schweizer Ausstellungs Champion <\/strong>von der Schweizer SKG verliehen zu bekommen.<\/p>\n\n\n\n<figure class=\"wp-block-image\"><img loading=\"lazy\" decoding=\"async\" width=\"1024\" height=\"716\" src=\"https:\/\/von-beluga.de\/wp-content\/uploads\/2019\/06\/DSC_0132-1-1024x716.jpg\" alt=\"\" class=\"wp-image-3087\" srcset=\"https:\/\/von-beluga.de\/wp-content\/uploads\/2019\/06\/DSC_0132-1.jpg 1024w, https:\/\/von-beluga.de\/wp-content\/uploads\/2019\/06\/DSC_0132-1-300x210.jpg 300w, https:\/\/von-beluga.de\/wp-content\/uploads\/2019\/06\/DSC_0132-1-768x537.jpg 768w, https:\/\/von-beluga.de\/wp-content\/uploads\/2019\/06\/DSC_0132-1-429x300.jpg 429w\" sizes=\"auto, (max-width: 1024px) 100vw, 1024px\" \/><\/figure>\n\n\n\n<ul class=\"wp-block-list\"><li>Folgende Richter haben unsere Deutschen Sch\u00e4ferhunde gerichtet:<\/li><li>Aarau I  am 29.06.   Herr Claus-Peter Fricke  (D)<\/li><li>Aarau CAC am 29.06.   Frau Manola Poggesi   (IT)<\/li><li>Aarau II am 30.06.    Frau Jadranka Mijatovic  (HR)<\/li><\/ul>\n\n\n\n<figure class=\"wp-block-image\"><img loading=\"lazy\" decoding=\"async\" width=\"558\" height=\"768\" src=\"https:\/\/von-beluga.de\/wp-content\/uploads\/2019\/06\/Schweizer-Ch-Palmas-001-1.jpg\" alt=\"\" class=\"wp-image-3088\" srcset=\"https:\/\/von-beluga.de\/wp-content\/uploads\/2019\/06\/Schweizer-Ch-Palmas-001-1.jpg 558w, https:\/\/von-beluga.de\/wp-content\/uploads\/2019\/06\/Schweizer-Ch-Palmas-001-1-218x300.jpg 218w\" sizes=\"auto, (max-width: 558px) 100vw, 558px\" \/><\/figure>\n\n\n\n<figure class=\"wp-block-image\"><img loading=\"lazy\" decoding=\"async\" width=\"1024\" height=\"576\" src=\"https:\/\/von-beluga.de\/wp-content\/uploads\/2019\/06\/DSC_0126-2-1024x576.jpg\" alt=\"\" class=\"wp-image-3099\" srcset=\"https:\/\/von-beluga.de\/wp-content\/uploads\/2019\/06\/DSC_0126-2.jpg 1024w, https:\/\/von-beluga.de\/wp-content\/uploads\/2019\/06\/DSC_0126-2-300x169.jpg 300w, https:\/\/von-beluga.de\/wp-content\/uploads\/2019\/06\/DSC_0126-2-768x432.jpg 768w, https:\/\/von-beluga.de\/wp-content\/uploads\/2019\/06\/DSC_0126-2-500x281.jpg 500w\" sizes=\"auto, (max-width: 1024px) 100vw, 1024px\" \/><figcaption> Wir hatten eine nette Bleibe in einem Ort au\u00dferhalb von Aarau gefunden und zum absoluten Spa\u00df von Las Palmas und Dubai (muss immer als Maskottchen mit) war ein Flu\u00df zum Schwimmen in unmittelbarer N\u00e4he und tolle M\u00f6glichkeiten zum &#8222;Gassi gehen&#8220;. <\/figcaption><\/figure>\n\n\n\n<figure class=\"wp-block-image\"><img loading=\"lazy\" decoding=\"async\" width=\"1024\" height=\"274\" src=\"https:\/\/von-beluga.de\/wp-content\/uploads\/2019\/06\/DSC_0122-1-1024x274.jpg\" alt=\"\" class=\"wp-image-3091\" srcset=\"https:\/\/von-beluga.de\/wp-content\/uploads\/2019\/06\/DSC_0122-1.jpg 1024w, https:\/\/von-beluga.de\/wp-content\/uploads\/2019\/06\/DSC_0122-1-300x80.jpg 300w, https:\/\/von-beluga.de\/wp-content\/uploads\/2019\/06\/DSC_0122-1-768x206.jpg 768w, https:\/\/von-beluga.de\/wp-content\/uploads\/2019\/06\/DSC_0122-1-500x134.jpg 500w\" sizes=\"auto, (max-width: 1024px) 100vw, 1024px\" \/><\/figure>\n\n\n\n<figure class=\"wp-block-image\"><img loading=\"lazy\" decoding=\"async\" width=\"1024\" height=\"576\" src=\"https:\/\/von-beluga.de\/wp-content\/uploads\/2019\/06\/DSC_0128-1024x576.jpg\" alt=\"\" class=\"wp-image-3092\" srcset=\"https:\/\/von-beluga.de\/wp-content\/uploads\/2019\/06\/DSC_0128.jpg 1024w, https:\/\/von-beluga.de\/wp-content\/uploads\/2019\/06\/DSC_0128-300x169.jpg 300w, https:\/\/von-beluga.de\/wp-content\/uploads\/2019\/06\/DSC_0128-768x432.jpg 768w, https:\/\/von-beluga.de\/wp-content\/uploads\/2019\/06\/DSC_0128-500x281.jpg 500w\" sizes=\"auto, (max-width: 1024px) 100vw, 1024px\" \/><\/figure>\n\n\n\n<pre class=\"wp-block-verse\">Es war ein sehr sch\u00f6nes Wochenende ........<\/pre>\n","protected":false},"excerpt":{"rendered":"<p>Am 29.\/30.06.2019 sind wir auf ein langes Wochenende ( 3 Schauen ) in die Schweiz gefahren um den Versuch zu starten eine noch ben\u00f6tigte Anwartschaft zu erk\u00e4mpfen. In Aarau bestand an diesem Wochenende die M\u00f6glichkeit den Hund an drei verschiedenen &hellip; <a href=\"https:\/\/von-beluga.de\/?p=3084\">Weiterlesen <span class=\"meta-nav\">&rarr;<\/span><\/a><\/p>\n","protected":false},"author":1,"featured_media":0,"comment_status":"closed","ping_status":"closed","sticky":false,"template":"","format":"standard","meta":{"footnotes":""},"categories":[2],"tags":[],"class_list":["post-3084","post","type-post","status-publish","format-standard","hentry","category-ausstellungen"],"_links":{"self":[{"href":"https:\/\/von-beluga.de\/index.php?rest_route=\/wp\/v2\/posts\/3084","targetHints":{"allow":["GET"]}}],"collection":[{"href":"https:\/\/von-beluga.de\/index.php?rest_route=\/wp\/v2\/posts"}],"about":[{"href":"https:\/\/von-beluga.de\/index.php?rest_route=\/wp\/v2\/types\/post"}],"author":[{"embeddable":true,"href":"https:\/\/von-beluga.de\/index.php?rest_route=\/wp\/v2\/users\/1"}],"replies":[{"embeddable":true,"href":"https:\/\/von-beluga.de\/index.php?rest_route=%2Fwp%2Fv2%2Fcomments&post=3084"}],"version-history":[{"count":8,"href":"https:\/\/von-beluga.de\/index.php?rest_route=\/wp\/v2\/posts\/3084\/revisions"}],"predecessor-version":[{"id":3108,"href":"https:\/\/von-beluga.de\/index.php?rest_route=\/wp\/v2\/posts\/3084\/revisions\/3108"}],"wp:attachment":[{"href":"https:\/\/von-beluga.de\/index.php?rest_route=%2Fwp%2Fv2%2Fmedia&parent=3084"}],"wp:term":[{"taxonomy":"category","embeddable":true,"href":"https:\/\/von-beluga.de\/index.php?rest_route=%2Fwp%2Fv2%2Fcategories&post=3084"},{"taxonomy":"post_tag","embeddable":true,"href":"https:\/\/von-beluga.de\/index.php?rest_route=%2Fwp%2Fv2%2Ftags&post=3084"}],"curies":[{"name":"wp","href":"https:\/\/api.w.org\/{rel}","templated":true}]}}