{"id":3159,"date":"2019-08-22T18:02:04","date_gmt":"2019-08-22T16:02:04","guid":{"rendered":"http:\/\/von-beluga.de\/?p=3159"},"modified":"2019-08-22T18:02:04","modified_gmt":"2019-08-22T16:02:04","slug":"internationaler-champion","status":"publish","type":"post","link":"https:\/\/von-beluga.de\/?p=3159","title":{"rendered":"Internationaler Champion"},"content":{"rendered":"\n<p class=\"has-text-color has-background has-black-color has-white-background-color\">Nachdem<strong><em> Las Palmas<\/em><\/strong> alle Anforderungen \/ Anwartschaften erringen konnte, kam heute von der FCI in Belgien die Best\u00e4tigung f\u00fcr den Titel                                               <strong>Internationaler Sch\u00f6nheits &#8211; Champion<\/strong>.                                                                 <\/p>\n\n\n\n<figure class=\"wp-block-image\"><img loading=\"lazy\" decoding=\"async\" width=\"558\" height=\"768\" src=\"https:\/\/von-beluga.de\/wp-content\/uploads\/2019\/08\/Int-Las-Palmas-klein001-2.jpg\" alt=\"\" class=\"wp-image-3161\" srcset=\"https:\/\/von-beluga.de\/wp-content\/uploads\/2019\/08\/Int-Las-Palmas-klein001-2.jpg 558w, https:\/\/von-beluga.de\/wp-content\/uploads\/2019\/08\/Int-Las-Palmas-klein001-2-218x300.jpg 218w\" sizes=\"auto, (max-width: 558px) 100vw, 558px\" \/><\/figure>\n","protected":false},"excerpt":{"rendered":"<p>Nachdem Las Palmas alle Anforderungen \/ Anwartschaften erringen konnte, kam heute von der FCI in Belgien die Best\u00e4tigung f\u00fcr den Titel Internationaler Sch\u00f6nheits &#8211; Champion.<\/p>\n","protected":false},"author":1,"featured_media":0,"comment_status":"closed","ping_status":"closed","sticky":false,"template":"","format":"standard","meta":{"footnotes":""},"categories":[2],"tags":[],"class_list":["post-3159","post","type-post","status-publish","format-standard","hentry","category-ausstellungen"],"_links":{"self":[{"href":"https:\/\/von-beluga.de\/index.php?rest_route=\/wp\/v2\/posts\/3159","targetHints":{"allow":["GET"]}}],"collection":[{"href":"https:\/\/von-beluga.de\/index.php?rest_route=\/wp\/v2\/posts"}],"about":[{"href":"https:\/\/von-beluga.de\/index.php?rest_route=\/wp\/v2\/types\/post"}],"author":[{"embeddable":true,"href":"https:\/\/von-beluga.de\/index.php?rest_route=\/wp\/v2\/users\/1"}],"replies":[{"embeddable":true,"href":"https:\/\/von-beluga.de\/index.php?rest_route=%2Fwp%2Fv2%2Fcomments&post=3159"}],"version-history":[{"count":2,"href":"https:\/\/von-beluga.de\/index.php?rest_route=\/wp\/v2\/posts\/3159\/revisions"}],"predecessor-version":[{"id":3162,"href":"https:\/\/von-beluga.de\/index.php?rest_route=\/wp\/v2\/posts\/3159\/revisions\/3162"}],"wp:attachment":[{"href":"https:\/\/von-beluga.de\/index.php?rest_route=%2Fwp%2Fv2%2Fmedia&parent=3159"}],"wp:term":[{"taxonomy":"category","embeddable":true,"href":"https:\/\/von-beluga.de\/index.php?rest_route=%2Fwp%2Fv2%2Fcategories&post=3159"},{"taxonomy":"post_tag","embeddable":true,"href":"https:\/\/von-beluga.de\/index.php?rest_route=%2Fwp%2Fv2%2Ftags&post=3159"}],"curies":[{"name":"wp","href":"https:\/\/api.w.org\/{rel}","templated":true}]}}