{"id":3178,"date":"2019-08-26T12:22:29","date_gmt":"2019-08-26T10:22:29","guid":{"rendered":"http:\/\/von-beluga.de\/?p=3178"},"modified":"2019-08-26T12:26:43","modified_gmt":"2019-08-26T10:26:43","slug":"leipzig-tag-2","status":"publish","type":"post","link":"https:\/\/von-beluga.de\/?p=3178","title":{"rendered":"Leipzig&#8230;&#8230;..Tag 2"},"content":{"rendered":"\n<p>Am Sonntag, 25.08.2019 fand dann in Leipzig die German Winner statt.                                               Auch hier starteten wir mit unseren drei Vierbeinern.                                                           Die Deutschen Sch\u00e4ferhunde richtete Herr Hans-Erhard Gr\u00fcttner. Monte Carlo erreichte in seiner Klasse &#8222;nur&#8220; ein SG1. Leider war seine Pr\u00e4sentation an diesem Tag nicht ganz so pr\u00e4zise. Nairobi wurde wieder mit V1,JBOB und dem Titel German Winner Junior belohnt. Las Palmas musste sich einer H\u00fcndin aus D\u00e4nemark geschlagen geben und erhielt V2.<\/p>\n\n\n\n<div class=\"wp-block-image\"><figure class=\"aligncenter is-resized\"><img loading=\"lazy\" decoding=\"async\" src=\"https:\/\/von-beluga.de\/wp-content\/uploads\/2019\/08\/GW-Nairobi-001.jpg\" alt=\"\" class=\"wp-image-3182\" width=\"330\" height=\"464\"\/><\/figure><\/div>\n\n\n\n<p>Wir alle hatten, trotz der Autopanne, ein sehr sch\u00f6nes und erfolgreiches  Wochenende und freuen uns schon jetzt auf ein baldiges Wiedersehen .<\/p>\n\n\n\n<p><\/p>\n","protected":false},"excerpt":{"rendered":"<p>Am Sonntag, 25.08.2019 fand dann in Leipzig die German Winner statt. Auch hier starteten wir mit unseren drei Vierbeinern. Die Deutschen Sch\u00e4ferhunde richtete Herr Hans-Erhard Gr\u00fcttner. Monte Carlo erreichte in seiner Klasse &#8222;nur&#8220; ein SG1. Leider war seine Pr\u00e4sentation an &hellip; <a href=\"https:\/\/von-beluga.de\/?p=3178\">Weiterlesen <span class=\"meta-nav\">&rarr;<\/span><\/a><\/p>\n","protected":false},"author":1,"featured_media":0,"comment_status":"closed","ping_status":"closed","sticky":false,"template":"","format":"standard","meta":{"footnotes":""},"categories":[2],"tags":[],"class_list":["post-3178","post","type-post","status-publish","format-standard","hentry","category-ausstellungen"],"_links":{"self":[{"href":"https:\/\/von-beluga.de\/index.php?rest_route=\/wp\/v2\/posts\/3178","targetHints":{"allow":["GET"]}}],"collection":[{"href":"https:\/\/von-beluga.de\/index.php?rest_route=\/wp\/v2\/posts"}],"about":[{"href":"https:\/\/von-beluga.de\/index.php?rest_route=\/wp\/v2\/types\/post"}],"author":[{"embeddable":true,"href":"https:\/\/von-beluga.de\/index.php?rest_route=\/wp\/v2\/users\/1"}],"replies":[{"embeddable":true,"href":"https:\/\/von-beluga.de\/index.php?rest_route=%2Fwp%2Fv2%2Fcomments&post=3178"}],"version-history":[{"count":3,"href":"https:\/\/von-beluga.de\/index.php?rest_route=\/wp\/v2\/posts\/3178\/revisions"}],"predecessor-version":[{"id":3183,"href":"https:\/\/von-beluga.de\/index.php?rest_route=\/wp\/v2\/posts\/3178\/revisions\/3183"}],"wp:attachment":[{"href":"https:\/\/von-beluga.de\/index.php?rest_route=%2Fwp%2Fv2%2Fmedia&parent=3178"}],"wp:term":[{"taxonomy":"category","embeddable":true,"href":"https:\/\/von-beluga.de\/index.php?rest_route=%2Fwp%2Fv2%2Fcategories&post=3178"},{"taxonomy":"post_tag","embeddable":true,"href":"https:\/\/von-beluga.de\/index.php?rest_route=%2Fwp%2Fv2%2Ftags&post=3178"}],"curies":[{"name":"wp","href":"https:\/\/api.w.org\/{rel}","templated":true}]}}