{"id":3193,"date":"2019-09-01T12:28:32","date_gmt":"2019-09-01T10:28:32","guid":{"rendered":"http:\/\/von-beluga.de\/?p=3193"},"modified":"2019-09-23T14:14:39","modified_gmt":"2019-09-23T12:14:39","slug":"luxemburg","status":"publish","type":"post","link":"https:\/\/von-beluga.de\/?p=3193","title":{"rendered":"Luxemburg"},"content":{"rendered":"\n<figure class=\"wp-block-image\"><img loading=\"lazy\" decoding=\"async\" width=\"479\" height=\"305\" src=\"https:\/\/von-beluga.de\/wp-content\/uploads\/2019\/09\/logo_fcl_couleur.png\" alt=\"\" class=\"wp-image-3202\" srcset=\"https:\/\/von-beluga.de\/wp-content\/uploads\/2019\/09\/logo_fcl_couleur.png 479w, https:\/\/von-beluga.de\/wp-content\/uploads\/2019\/09\/logo_fcl_couleur-300x191.png 300w, https:\/\/von-beluga.de\/wp-content\/uploads\/2019\/09\/logo_fcl_couleur-471x300.png 471w\" sizes=\"auto, (max-width: 479px) 100vw, 479px\" \/><\/figure>\n\n\n\n<p class=\"has-drop-cap\">Am 31.08.2019 fand zum zweiten Mal in diesem Jahr eine gro\u00dfe CACIB Ausstellung in Luxemburg statt. Diesmal begleitete uns Manuela mit ihrer Kiss me. Richter der Deutschen Sch\u00e4ferhunde war Herr Norman Deschuymere aus Belgien. Er bewertete unsere M\u00e4dels wie folgt:<\/p>\n\n\n\n<ul class=\"wp-block-list\"><li><strong><em>Las Palmas<\/em><\/strong> in der Champion Klasse, <strong><em>Justizia<\/em><\/strong> in der Gebrauchshunde Klasse und <strong><em>Kiss me<\/em><\/strong> in der Offenen Klasse erreichten jeweils den 1.Platz.<\/li><li>Las Palmas wurde als beste H\u00fcndin herausgestellt und bekam das CACIB &amp; CACL<\/li><li>Justizia wurde 2.beste H\u00fcndin und erhiet damit das RCACIB &amp; CACL<\/li><li>Las Palmas konnte dann auch noch gegen die R\u00fcden gewinnen und wurde Best of Breed.<\/li><li>Las Palmas und Justizia haben somit die Voraussetzungen f\u00fcr den Luxemburg &#8211; Champion erf\u00fcllt und warten nun nach Pr\u00fcfung der Unterlagen auf die Zuerkennung.<\/li><\/ul>\n\n\n\n<ul class=\"wp-block-gallery columns-2 is-cropped wp-block-gallery-1 is-layout-flex wp-block-gallery-is-layout-flex\"><li class=\"blocks-gallery-item\"><figure><img loading=\"lazy\" decoding=\"async\" width=\"600\" height=\"401\" src=\"https:\/\/von-beluga.de\/wp-content\/uploads\/2019\/09\/75K8803-1.jpg\" alt=\"\" data-id=\"3216\" data-link=\"https:\/\/von-beluga.de\/?attachment_id=3216\" class=\"wp-image-3216\" srcset=\"https:\/\/von-beluga.de\/wp-content\/uploads\/2019\/09\/75K8803-1.jpg 600w, https:\/\/von-beluga.de\/wp-content\/uploads\/2019\/09\/75K8803-1-300x201.jpg 300w, https:\/\/von-beluga.de\/wp-content\/uploads\/2019\/09\/75K8803-1-449x300.jpg 449w\" sizes=\"auto, (max-width: 600px) 100vw, 600px\" \/><figcaption>Kiss me<\/figcaption><\/figure><\/li><li class=\"blocks-gallery-item\"><figure><img loading=\"lazy\" decoding=\"async\" width=\"600\" height=\"401\" src=\"https:\/\/von-beluga.de\/wp-content\/uploads\/2019\/09\/75K8823-1.jpg\" alt=\"\" data-id=\"3217\" data-link=\"https:\/\/von-beluga.de\/?attachment_id=3217\" class=\"wp-image-3217\" srcset=\"https:\/\/von-beluga.de\/wp-content\/uploads\/2019\/09\/75K8823-1.jpg 600w, https:\/\/von-beluga.de\/wp-content\/uploads\/2019\/09\/75K8823-1-300x201.jpg 300w, https:\/\/von-beluga.de\/wp-content\/uploads\/2019\/09\/75K8823-1-449x300.jpg 449w\" sizes=\"auto, (max-width: 600px) 100vw, 600px\" \/><figcaption>Justizia<\/figcaption><\/figure><\/li><\/ul>\n\n\n\n<figure class=\"wp-block-image is-resized\"><img loading=\"lazy\" decoding=\"async\" src=\"https:\/\/von-beluga.de\/wp-content\/uploads\/2019\/09\/75K8818-2.jpg\" alt=\"\" class=\"wp-image-3220\" width=\"584\" height=\"390\" srcset=\"https:\/\/von-beluga.de\/wp-content\/uploads\/2019\/09\/75K8818-2.jpg 600w, https:\/\/von-beluga.de\/wp-content\/uploads\/2019\/09\/75K8818-2-300x201.jpg 300w, https:\/\/von-beluga.de\/wp-content\/uploads\/2019\/09\/75K8818-2-449x300.jpg 449w\" sizes=\"auto, (max-width: 584px) 100vw, 584px\" \/><figcaption>                                                              Las Palmas, Justizia &amp; Kiss me<\/figcaption><\/figure>\n\n\n\n<div class=\"wp-block-image\"><figure class=\"aligncenter is-resized\"><img loading=\"lazy\" decoding=\"async\" src=\"https:\/\/von-beluga.de\/wp-content\/uploads\/2019\/09\/Logo123-15cm-72dpi-1.jpg\" alt=\"\" class=\"wp-image-3232\" width=\"207\" height=\"104\" srcset=\"https:\/\/von-beluga.de\/wp-content\/uploads\/2019\/09\/Logo123-15cm-72dpi-1.jpg 425w, https:\/\/von-beluga.de\/wp-content\/uploads\/2019\/09\/Logo123-15cm-72dpi-1-300x150.jpg 300w\" sizes=\"auto, (max-width: 207px) 100vw, 207px\" \/><figcaption>copyright aller Fotos  dieser Veranstaltung by Karl Dovil  <\/figcaption><\/figure><\/div>\n\n\n\n<ul class=\"wp-block-gallery columns-3 is-cropped wp-block-gallery-2 is-layout-flex wp-block-gallery-is-layout-flex\"><li class=\"blocks-gallery-item\"><figure><img loading=\"lazy\" decoding=\"async\" width=\"401\" height=\"600\" src=\"https:\/\/von-beluga.de\/wp-content\/uploads\/2019\/09\/75K8807-1.jpg\" alt=\"\" data-id=\"3221\" data-link=\"https:\/\/von-beluga.de\/?attachment_id=3221\" class=\"wp-image-3221\" srcset=\"https:\/\/von-beluga.de\/wp-content\/uploads\/2019\/09\/75K8807-1.jpg 401w, https:\/\/von-beluga.de\/wp-content\/uploads\/2019\/09\/75K8807-1-201x300.jpg 201w\" sizes=\"auto, (max-width: 401px) 100vw, 401px\" \/><\/figure><\/li><li class=\"blocks-gallery-item\"><figure><img loading=\"lazy\" decoding=\"async\" width=\"401\" height=\"600\" src=\"https:\/\/von-beluga.de\/wp-content\/uploads\/2019\/09\/75K8828.jpg\" alt=\"\" data-id=\"3222\" data-link=\"https:\/\/von-beluga.de\/?attachment_id=3222\" class=\"wp-image-3222\" srcset=\"https:\/\/von-beluga.de\/wp-content\/uploads\/2019\/09\/75K8828.jpg 401w, https:\/\/von-beluga.de\/wp-content\/uploads\/2019\/09\/75K8828-201x300.jpg 201w\" sizes=\"auto, (max-width: 401px) 100vw, 401px\" \/><\/figure><\/li><li class=\"blocks-gallery-item\"><figure><img loading=\"lazy\" decoding=\"async\" width=\"401\" height=\"600\" src=\"https:\/\/von-beluga.de\/wp-content\/uploads\/2019\/09\/75K8830.jpg\" alt=\"\" data-id=\"3223\" data-link=\"https:\/\/von-beluga.de\/?attachment_id=3223\" class=\"wp-image-3223\" srcset=\"https:\/\/von-beluga.de\/wp-content\/uploads\/2019\/09\/75K8830.jpg 401w, https:\/\/von-beluga.de\/wp-content\/uploads\/2019\/09\/75K8830-201x300.jpg 201w\" sizes=\"auto, (max-width: 401px) 100vw, 401px\" \/><\/figure><\/li><\/ul>\n\n\n\n<p>Es war ein sehr sch\u00f6ner und entspannter Ausstellungstag. Auf der Heimfahrt hatten wir  einen Flu\u00df gefunden und die M\u00e4dels fanden diesen Abstecher einfach toll. Sie konnten dort ein ausgiebiges Bad nehmen und waren kaum zu bremsen.<\/p>\n","protected":false},"excerpt":{"rendered":"<p>Am 31.08.2019 fand zum zweiten Mal in diesem Jahr eine gro\u00dfe CACIB Ausstellung in Luxemburg statt. Diesmal begleitete uns Manuela mit ihrer Kiss me. Richter der Deutschen Sch\u00e4ferhunde war Herr Norman Deschuymere aus Belgien. Er bewertete unsere M\u00e4dels wie folgt: &hellip; <a href=\"https:\/\/von-beluga.de\/?p=3193\">Weiterlesen <span class=\"meta-nav\">&rarr;<\/span><\/a><\/p>\n","protected":false},"author":1,"featured_media":0,"comment_status":"closed","ping_status":"closed","sticky":false,"template":"","format":"standard","meta":{"footnotes":""},"categories":[2],"tags":[],"class_list":["post-3193","post","type-post","status-publish","format-standard","hentry","category-ausstellungen"],"_links":{"self":[{"href":"https:\/\/von-beluga.de\/index.php?rest_route=\/wp\/v2\/posts\/3193","targetHints":{"allow":["GET"]}}],"collection":[{"href":"https:\/\/von-beluga.de\/index.php?rest_route=\/wp\/v2\/posts"}],"about":[{"href":"https:\/\/von-beluga.de\/index.php?rest_route=\/wp\/v2\/types\/post"}],"author":[{"embeddable":true,"href":"https:\/\/von-beluga.de\/index.php?rest_route=\/wp\/v2\/users\/1"}],"replies":[{"embeddable":true,"href":"https:\/\/von-beluga.de\/index.php?rest_route=%2Fwp%2Fv2%2Fcomments&post=3193"}],"version-history":[{"count":5,"href":"https:\/\/von-beluga.de\/index.php?rest_route=\/wp\/v2\/posts\/3193\/revisions"}],"predecessor-version":[{"id":3233,"href":"https:\/\/von-beluga.de\/index.php?rest_route=\/wp\/v2\/posts\/3193\/revisions\/3233"}],"wp:attachment":[{"href":"https:\/\/von-beluga.de\/index.php?rest_route=%2Fwp%2Fv2%2Fmedia&parent=3193"}],"wp:term":[{"taxonomy":"category","embeddable":true,"href":"https:\/\/von-beluga.de\/index.php?rest_route=%2Fwp%2Fv2%2Fcategories&post=3193"},{"taxonomy":"post_tag","embeddable":true,"href":"https:\/\/von-beluga.de\/index.php?rest_route=%2Fwp%2Fv2%2Ftags&post=3193"}],"curies":[{"name":"wp","href":"https:\/\/api.w.org\/{rel}","templated":true}]}}