{"id":3225,"date":"2019-09-22T19:07:34","date_gmt":"2019-09-22T17:07:34","guid":{"rendered":"http:\/\/von-beluga.de\/?p=3225"},"modified":"2019-09-22T19:11:05","modified_gmt":"2019-09-22T17:11:05","slug":"champion-de-luxembourg","status":"publish","type":"post","link":"https:\/\/von-beluga.de\/?p=3225","title":{"rendered":"Champion de Luxembourg"},"content":{"rendered":"\n<p>Nachdem <strong><em>Justizia<\/em><\/strong> und <strong><em>Las Palmas<\/em><\/strong> im August auf der Ausstellung in Luxemburg ihre letzten Anwartschaften erhalten haben, kam jetzt von der FCL die Best\u00e4tigung f\u00fcr die Zuerkennung derTitel Champion de Luxembourg f\u00fcr beide M\u00e4dels.<\/p>\n\n\n\n<ul class=\"wp-block-gallery columns-2 is-cropped wp-block-gallery-1 is-layout-flex wp-block-gallery-is-layout-flex\"><li class=\"blocks-gallery-item\"><figure><img loading=\"lazy\" decoding=\"async\" width=\"745\" height=\"1024\" src=\"https:\/\/von-beluga.de\/wp-content\/uploads\/2019\/09\/Lux.Ch_.Justizia-001-745x1024.jpg\" alt=\"\" data-id=\"3226\" data-link=\"https:\/\/von-beluga.de\/?attachment_id=3226\" class=\"wp-image-3226\" srcset=\"https:\/\/von-beluga.de\/wp-content\/uploads\/2019\/09\/Lux.Ch_.Justizia-001-745x1024.jpg 745w, https:\/\/von-beluga.de\/wp-content\/uploads\/2019\/09\/Lux.Ch_.Justizia-001-218x300.jpg 218w, https:\/\/von-beluga.de\/wp-content\/uploads\/2019\/09\/Lux.Ch_.Justizia-001-768x1056.jpg 768w\" sizes=\"auto, (max-width: 745px) 100vw, 745px\" \/><\/figure><\/li><li class=\"blocks-gallery-item\"><figure><img loading=\"lazy\" decoding=\"async\" width=\"745\" height=\"1024\" src=\"https:\/\/von-beluga.de\/wp-content\/uploads\/2019\/09\/Lux.Ch_.Las-palmas-001-745x1024.jpg\" alt=\"\" data-id=\"3227\" data-link=\"https:\/\/von-beluga.de\/?attachment_id=3227\" class=\"wp-image-3227\" srcset=\"https:\/\/von-beluga.de\/wp-content\/uploads\/2019\/09\/Lux.Ch_.Las-palmas-001-745x1024.jpg 745w, https:\/\/von-beluga.de\/wp-content\/uploads\/2019\/09\/Lux.Ch_.Las-palmas-001-218x300.jpg 218w, https:\/\/von-beluga.de\/wp-content\/uploads\/2019\/09\/Lux.Ch_.Las-palmas-001-768x1056.jpg 768w\" sizes=\"auto, (max-width: 745px) 100vw, 745px\" \/><\/figure><\/li><\/ul>\n","protected":false},"excerpt":{"rendered":"<p>Nachdem Justizia und Las Palmas im August auf der Ausstellung in Luxemburg ihre letzten Anwartschaften erhalten haben, kam jetzt von der FCL die Best\u00e4tigung f\u00fcr die Zuerkennung derTitel Champion de Luxembourg f\u00fcr beide M\u00e4dels.<\/p>\n","protected":false},"author":1,"featured_media":0,"comment_status":"closed","ping_status":"closed","sticky":false,"template":"","format":"standard","meta":{"footnotes":""},"categories":[2],"tags":[],"class_list":["post-3225","post","type-post","status-publish","format-standard","hentry","category-ausstellungen"],"_links":{"self":[{"href":"https:\/\/von-beluga.de\/index.php?rest_route=\/wp\/v2\/posts\/3225","targetHints":{"allow":["GET"]}}],"collection":[{"href":"https:\/\/von-beluga.de\/index.php?rest_route=\/wp\/v2\/posts"}],"about":[{"href":"https:\/\/von-beluga.de\/index.php?rest_route=\/wp\/v2\/types\/post"}],"author":[{"embeddable":true,"href":"https:\/\/von-beluga.de\/index.php?rest_route=\/wp\/v2\/users\/1"}],"replies":[{"embeddable":true,"href":"https:\/\/von-beluga.de\/index.php?rest_route=%2Fwp%2Fv2%2Fcomments&post=3225"}],"version-history":[{"count":2,"href":"https:\/\/von-beluga.de\/index.php?rest_route=\/wp\/v2\/posts\/3225\/revisions"}],"predecessor-version":[{"id":3229,"href":"https:\/\/von-beluga.de\/index.php?rest_route=\/wp\/v2\/posts\/3225\/revisions\/3229"}],"wp:attachment":[{"href":"https:\/\/von-beluga.de\/index.php?rest_route=%2Fwp%2Fv2%2Fmedia&parent=3225"}],"wp:term":[{"taxonomy":"category","embeddable":true,"href":"https:\/\/von-beluga.de\/index.php?rest_route=%2Fwp%2Fv2%2Fcategories&post=3225"},{"taxonomy":"post_tag","embeddable":true,"href":"https:\/\/von-beluga.de\/index.php?rest_route=%2Fwp%2Fv2%2Ftags&post=3225"}],"curies":[{"name":"wp","href":"https:\/\/api.w.org\/{rel}","templated":true}]}}