{"id":323,"date":"2015-09-26T16:14:09","date_gmt":"2015-09-26T14:14:09","guid":{"rendered":"http:\/\/von-beluga.de\/?p=323"},"modified":"2017-09-11T21:26:33","modified_gmt":"2017-09-11T19:26:33","slug":"landesgruppen-jugendschau-in-kriftel","status":"publish","type":"post","link":"https:\/\/von-beluga.de\/?p=323","title":{"rendered":"Landesgruppen-Jugendschau in Kriftel"},"content":{"rendered":"<p><span style=\"color: #0000ff;\">Dubai<\/span> wird in der Gebrauchshundeklasse von Alina H\u00fcgel super professionell vorgef\u00fchrt und erreicht unter dem Richter K-H. 2017 Zygadto Vorz\u00fcglich 4. Vielen Dank an Alina,<\/p>\n","protected":false},"excerpt":{"rendered":"<p>Dubai wird in der Gebrauchshundeklasse von Alina H\u00fcgel super professionell vorgef\u00fchrt und erreicht unter dem Richter K-H. 2017 Zygadto Vorz\u00fcglich 4. Vielen Dank an Alina,<\/p>\n","protected":false},"author":1,"featured_media":0,"comment_status":"closed","ping_status":"closed","sticky":false,"template":"","format":"standard","meta":{"footnotes":""},"categories":[2],"tags":[],"class_list":["post-323","post","type-post","status-publish","format-standard","hentry","category-ausstellungen"],"_links":{"self":[{"href":"https:\/\/von-beluga.de\/index.php?rest_route=\/wp\/v2\/posts\/323","targetHints":{"allow":["GET"]}}],"collection":[{"href":"https:\/\/von-beluga.de\/index.php?rest_route=\/wp\/v2\/posts"}],"about":[{"href":"https:\/\/von-beluga.de\/index.php?rest_route=\/wp\/v2\/types\/post"}],"author":[{"embeddable":true,"href":"https:\/\/von-beluga.de\/index.php?rest_route=\/wp\/v2\/users\/1"}],"replies":[{"embeddable":true,"href":"https:\/\/von-beluga.de\/index.php?rest_route=%2Fwp%2Fv2%2Fcomments&post=323"}],"version-history":[{"count":4,"href":"https:\/\/von-beluga.de\/index.php?rest_route=\/wp\/v2\/posts\/323\/revisions"}],"predecessor-version":[{"id":2059,"href":"https:\/\/von-beluga.de\/index.php?rest_route=\/wp\/v2\/posts\/323\/revisions\/2059"}],"wp:attachment":[{"href":"https:\/\/von-beluga.de\/index.php?rest_route=%2Fwp%2Fv2%2Fmedia&parent=323"}],"wp:term":[{"taxonomy":"category","embeddable":true,"href":"https:\/\/von-beluga.de\/index.php?rest_route=%2Fwp%2Fv2%2Fcategories&post=323"},{"taxonomy":"post_tag","embeddable":true,"href":"https:\/\/von-beluga.de\/index.php?rest_route=%2Fwp%2Fv2%2Ftags&post=323"}],"curies":[{"name":"wp","href":"https:\/\/api.w.org\/{rel}","templated":true}]}}