{"id":3242,"date":"2019-10-12T16:37:00","date_gmt":"2019-10-12T14:37:00","guid":{"rendered":"http:\/\/von-beluga.de\/?p=3242"},"modified":"2019-10-20T21:19:38","modified_gmt":"2019-10-20T19:19:38","slug":"las-palmas-erster-nachwuchs","status":"publish","type":"post","link":"https:\/\/von-beluga.de\/?p=3242","title":{"rendered":"Las Palmas erster Nachwuchs ?"},"content":{"rendered":"\n<p class=\"has-text-color has-black-color\">Am 11.\/12.10.2019 wurde <strong><em>Las Palmas<\/em><\/strong> belegt. Jetzt hei\u00dft es erst einmal 28 Tage warten und dann folgt der Ultraschall. Es w\u00e4re ihr erster Wurf.     <\/p>\n\n\n\n<pre class=\"wp-block-verse\"><\/pre>\n\n\n\n<div class=\"wp-block-image\"><figure class=\"aligncenter is-resized\"><img loading=\"lazy\" decoding=\"async\" src=\"https:\/\/von-beluga.de\/wp-content\/uploads\/2019\/10\/Las-Palmas1.jpg\" alt=\"\" class=\"wp-image-3268\" width=\"319\" height=\"393\"\/><\/figure><\/div>\n\n\n\n<p>Vater ist dann der R\u00fcde <strong><em>Quadro vom wenischen<\/em><\/strong><em><strong> Lande<\/strong><\/em>. Ein sehr gut pigmentierter (rot) R\u00fcde mit einem super gutem Wesen. ( angek\u00f6rt, IPO2, ZB: Vorz\u00fcglich).<\/p>\n\n\n\n<ul class=\"wp-block-gallery columns-2 is-cropped wp-block-gallery-1 is-layout-flex wp-block-gallery-is-layout-flex\"><li class=\"blocks-gallery-item\"><figure><img loading=\"lazy\" decoding=\"async\" width=\"600\" height=\"768\" src=\"https:\/\/von-beluga.de\/wp-content\/uploads\/2019\/10\/IMG_20191018_142403-1.jpg\" alt=\"\" data-id=\"3269\" data-link=\"https:\/\/von-beluga.de\/?attachment_id=3269\" class=\"wp-image-3269\" srcset=\"https:\/\/von-beluga.de\/wp-content\/uploads\/2019\/10\/IMG_20191018_142403-1.jpg 600w, https:\/\/von-beluga.de\/wp-content\/uploads\/2019\/10\/IMG_20191018_142403-1-234x300.jpg 234w\" sizes=\"auto, (max-width: 600px) 100vw, 600px\" \/><figcaption>Quadro vom wenischen Lande<\/figcaption><\/figure><\/li><li class=\"blocks-gallery-item\"><figure><img loading=\"lazy\" decoding=\"async\" width=\"483\" height=\"768\" src=\"https:\/\/von-beluga.de\/wp-content\/uploads\/2019\/10\/IMG_20191018_142506-1.jpg\" alt=\"\" data-id=\"3270\" data-link=\"https:\/\/von-beluga.de\/?attachment_id=3270\" class=\"wp-image-3270\" srcset=\"https:\/\/von-beluga.de\/wp-content\/uploads\/2019\/10\/IMG_20191018_142506-1.jpg 483w, https:\/\/von-beluga.de\/wp-content\/uploads\/2019\/10\/IMG_20191018_142506-1-189x300.jpg 189w\" sizes=\"auto, (max-width: 483px) 100vw, 483px\" \/><figcaption>Quadro vom wenischen Lande<\/figcaption><\/figure><\/li><\/ul>\n","protected":false},"excerpt":{"rendered":"<p>Am 11.\/12.10.2019 wurde Las Palmas belegt. Jetzt hei\u00dft es erst einmal 28 Tage warten und dann folgt der Ultraschall. Es w\u00e4re ihr erster Wurf. Vater ist dann der R\u00fcde Quadro vom wenischen Lande. Ein sehr gut pigmentierter (rot) R\u00fcde mit &hellip; <a href=\"https:\/\/von-beluga.de\/?p=3242\">Weiterlesen <span class=\"meta-nav\">&rarr;<\/span><\/a><\/p>\n","protected":false},"author":1,"featured_media":0,"comment_status":"closed","ping_status":"closed","sticky":false,"template":"","format":"standard","meta":{"footnotes":""},"categories":[6],"tags":[],"class_list":["post-3242","post","type-post","status-publish","format-standard","hentry","category-wurfplanung"],"_links":{"self":[{"href":"https:\/\/von-beluga.de\/index.php?rest_route=\/wp\/v2\/posts\/3242","targetHints":{"allow":["GET"]}}],"collection":[{"href":"https:\/\/von-beluga.de\/index.php?rest_route=\/wp\/v2\/posts"}],"about":[{"href":"https:\/\/von-beluga.de\/index.php?rest_route=\/wp\/v2\/types\/post"}],"author":[{"embeddable":true,"href":"https:\/\/von-beluga.de\/index.php?rest_route=\/wp\/v2\/users\/1"}],"replies":[{"embeddable":true,"href":"https:\/\/von-beluga.de\/index.php?rest_route=%2Fwp%2Fv2%2Fcomments&post=3242"}],"version-history":[{"count":5,"href":"https:\/\/von-beluga.de\/index.php?rest_route=\/wp\/v2\/posts\/3242\/revisions"}],"predecessor-version":[{"id":3271,"href":"https:\/\/von-beluga.de\/index.php?rest_route=\/wp\/v2\/posts\/3242\/revisions\/3271"}],"wp:attachment":[{"href":"https:\/\/von-beluga.de\/index.php?rest_route=%2Fwp%2Fv2%2Fmedia&parent=3242"}],"wp:term":[{"taxonomy":"category","embeddable":true,"href":"https:\/\/von-beluga.de\/index.php?rest_route=%2Fwp%2Fv2%2Fcategories&post=3242"},{"taxonomy":"post_tag","embeddable":true,"href":"https:\/\/von-beluga.de\/index.php?rest_route=%2Fwp%2Fv2%2Ftags&post=3242"}],"curies":[{"name":"wp","href":"https:\/\/api.w.org\/{rel}","templated":true}]}}