{"id":3260,"date":"2019-10-20T20:56:06","date_gmt":"2019-10-20T18:56:06","guid":{"rendered":"http:\/\/von-beluga.de\/?p=3260"},"modified":"2019-10-20T20:56:06","modified_gmt":"2019-10-20T18:56:06","slug":"unesco-2","status":"publish","type":"post","link":"https:\/\/von-beluga.de\/?p=3260","title":{"rendered":"Unesco &#8230;&#8230;.."},"content":{"rendered":"\n<p>ist am 14.10.2019 \u00fcber die Regenbogenbr\u00fccke gegangen.<\/p>\n\n\n\n<figure class=\"wp-block-image\"><img loading=\"lazy\" decoding=\"async\" width=\"1024\" height=\"768\" src=\"https:\/\/von-beluga.de\/wp-content\/uploads\/2019\/10\/unesco2-07-2-1024x768.jpg\" alt=\"\" class=\"wp-image-3261\" srcset=\"https:\/\/von-beluga.de\/wp-content\/uploads\/2019\/10\/unesco2-07-2-1024x768.jpg 1024w, https:\/\/von-beluga.de\/wp-content\/uploads\/2019\/10\/unesco2-07-2-300x225.jpg 300w, https:\/\/von-beluga.de\/wp-content\/uploads\/2019\/10\/unesco2-07-2-768x576.jpg 768w, https:\/\/von-beluga.de\/wp-content\/uploads\/2019\/10\/unesco2-07-2-400x300.jpg 400w, https:\/\/von-beluga.de\/wp-content\/uploads\/2019\/10\/unesco2-07-2.jpg 1600w\" sizes=\"auto, (max-width: 1024px) 100vw, 1024px\" \/><figcaption>Unesco mit 8 Wochen und Frauchen Michaela<\/figcaption><\/figure>\n\n\n\n<ul class=\"wp-block-list\"><li>Am 14.10 kam die traurige Information:<\/li><li>Heute Morgen  mussten wir Nesco einschl\u00e4fern lassen.Er ist friedlich in meinen Armen gestorben. Wir sind so dankbar f\u00fcr 12,5 Jahre voller Liebe und einfach nur furchtbar traurig.  Franz &amp; Michaela aus Idstein<\/li><\/ul>\n\n\n\n<div class=\"wp-block-image\"><figure class=\"aligncenter is-resized\"><img loading=\"lazy\" decoding=\"async\" src=\"https:\/\/von-beluga.de\/wp-content\/uploads\/2019\/10\/Bilder-Handy-Michaela-075-1.jpg\" alt=\"\" class=\"wp-image-3262\" width=\"422\" height=\"426\"\/><\/figure><\/div>\n","protected":false},"excerpt":{"rendered":"<p>ist am 14.10.2019 \u00fcber die Regenbogenbr\u00fccke gegangen. Am 14.10 kam die traurige Information: Heute Morgen mussten wir Nesco einschl\u00e4fern lassen.Er ist friedlich in meinen Armen gestorben. Wir sind so dankbar f\u00fcr 12,5 Jahre voller Liebe und einfach nur furchtbar traurig. &hellip; <a href=\"https:\/\/von-beluga.de\/?p=3260\">Weiterlesen <span class=\"meta-nav\">&rarr;<\/span><\/a><\/p>\n","protected":false},"author":1,"featured_media":0,"comment_status":"closed","ping_status":"closed","sticky":false,"template":"","format":"standard","meta":{"footnotes":""},"categories":[9],"tags":[],"class_list":["post-3260","post","type-post","status-publish","format-standard","hentry","category-nachruf"],"_links":{"self":[{"href":"https:\/\/von-beluga.de\/index.php?rest_route=\/wp\/v2\/posts\/3260","targetHints":{"allow":["GET"]}}],"collection":[{"href":"https:\/\/von-beluga.de\/index.php?rest_route=\/wp\/v2\/posts"}],"about":[{"href":"https:\/\/von-beluga.de\/index.php?rest_route=\/wp\/v2\/types\/post"}],"author":[{"embeddable":true,"href":"https:\/\/von-beluga.de\/index.php?rest_route=\/wp\/v2\/users\/1"}],"replies":[{"embeddable":true,"href":"https:\/\/von-beluga.de\/index.php?rest_route=%2Fwp%2Fv2%2Fcomments&post=3260"}],"version-history":[{"count":1,"href":"https:\/\/von-beluga.de\/index.php?rest_route=\/wp\/v2\/posts\/3260\/revisions"}],"predecessor-version":[{"id":3263,"href":"https:\/\/von-beluga.de\/index.php?rest_route=\/wp\/v2\/posts\/3260\/revisions\/3263"}],"wp:attachment":[{"href":"https:\/\/von-beluga.de\/index.php?rest_route=%2Fwp%2Fv2%2Fmedia&parent=3260"}],"wp:term":[{"taxonomy":"category","embeddable":true,"href":"https:\/\/von-beluga.de\/index.php?rest_route=%2Fwp%2Fv2%2Fcategories&post=3260"},{"taxonomy":"post_tag","embeddable":true,"href":"https:\/\/von-beluga.de\/index.php?rest_route=%2Fwp%2Fv2%2Ftags&post=3260"}],"curies":[{"name":"wp","href":"https:\/\/api.w.org\/{rel}","templated":true}]}}