{"id":3741,"date":"2020-06-19T16:53:00","date_gmt":"2020-06-19T14:53:00","guid":{"rendered":"http:\/\/von-beluga.de\/?p=3741"},"modified":"2020-07-20T16:57:43","modified_gmt":"2020-07-20T14:57:43","slug":"neuer-internationaler-champion","status":"publish","type":"post","link":"https:\/\/von-beluga.de\/?p=3741","title":{"rendered":"Neuer Internationaler Champion"},"content":{"rendered":"\n<p>Am 19.06.2020 erhielt <strong><em>Justizia<\/em><\/strong> die Best\u00e4tigung der FCI in Belgien und darf jetzt den Titel   Internationaler Sch\u00f6nheits-Champion f\u00fchren.<\/p>\n\n\n\n<figure class=\"wp-block-image size-large\"><img loading=\"lazy\" decoding=\"async\" width=\"745\" height=\"1024\" src=\"https:\/\/von-beluga.de\/wp-content\/uploads\/2020\/07\/Int.Ch-Justizia-001-745x1024.jpg\" alt=\"\" class=\"wp-image-3742\" srcset=\"https:\/\/von-beluga.de\/wp-content\/uploads\/2020\/07\/Int.Ch-Justizia-001-745x1024.jpg 745w, https:\/\/von-beluga.de\/wp-content\/uploads\/2020\/07\/Int.Ch-Justizia-001-218x300.jpg 218w, https:\/\/von-beluga.de\/wp-content\/uploads\/2020\/07\/Int.Ch-Justizia-001-768x1056.jpg 768w, https:\/\/von-beluga.de\/wp-content\/uploads\/2020\/07\/Int.Ch-Justizia-001-1117x1536.jpg 1117w, https:\/\/von-beluga.de\/wp-content\/uploads\/2020\/07\/Int.Ch-Justizia-001-1489x2048.jpg 1489w, https:\/\/von-beluga.de\/wp-content\/uploads\/2020\/07\/Int.Ch-Justizia-001-scaled.jpg 1861w\" sizes=\"auto, (max-width: 745px) 100vw, 745px\" \/><\/figure>\n","protected":false},"excerpt":{"rendered":"<p>Am 19.06.2020 erhielt Justizia die Best\u00e4tigung der FCI in Belgien und darf jetzt den Titel Internationaler Sch\u00f6nheits-Champion f\u00fchren.<\/p>\n","protected":false},"author":1,"featured_media":0,"comment_status":"closed","ping_status":"closed","sticky":false,"template":"","format":"standard","meta":{"footnotes":""},"categories":[2],"tags":[],"class_list":["post-3741","post","type-post","status-publish","format-standard","hentry","category-ausstellungen"],"_links":{"self":[{"href":"https:\/\/von-beluga.de\/index.php?rest_route=\/wp\/v2\/posts\/3741","targetHints":{"allow":["GET"]}}],"collection":[{"href":"https:\/\/von-beluga.de\/index.php?rest_route=\/wp\/v2\/posts"}],"about":[{"href":"https:\/\/von-beluga.de\/index.php?rest_route=\/wp\/v2\/types\/post"}],"author":[{"embeddable":true,"href":"https:\/\/von-beluga.de\/index.php?rest_route=\/wp\/v2\/users\/1"}],"replies":[{"embeddable":true,"href":"https:\/\/von-beluga.de\/index.php?rest_route=%2Fwp%2Fv2%2Fcomments&post=3741"}],"version-history":[{"count":1,"href":"https:\/\/von-beluga.de\/index.php?rest_route=\/wp\/v2\/posts\/3741\/revisions"}],"predecessor-version":[{"id":3743,"href":"https:\/\/von-beluga.de\/index.php?rest_route=\/wp\/v2\/posts\/3741\/revisions\/3743"}],"wp:attachment":[{"href":"https:\/\/von-beluga.de\/index.php?rest_route=%2Fwp%2Fv2%2Fmedia&parent=3741"}],"wp:term":[{"taxonomy":"category","embeddable":true,"href":"https:\/\/von-beluga.de\/index.php?rest_route=%2Fwp%2Fv2%2Fcategories&post=3741"},{"taxonomy":"post_tag","embeddable":true,"href":"https:\/\/von-beluga.de\/index.php?rest_route=%2Fwp%2Fv2%2Ftags&post=3741"}],"curies":[{"name":"wp","href":"https:\/\/api.w.org\/{rel}","templated":true}]}}