{"id":3908,"date":"2020-10-07T16:03:00","date_gmt":"2020-10-07T14:03:00","guid":{"rendered":"http:\/\/von-beluga.de\/?p=3908"},"modified":"2020-10-25T16:18:26","modified_gmt":"2020-10-25T15:18:26","slug":"r-i-p-ronja","status":"publish","type":"post","link":"https:\/\/von-beluga.de\/?p=3908","title":{"rendered":"R.I.P.  Ronja"},"content":{"rendered":"\n<p>&#8222;Xcaret &#8220;  gen.: Ronja ist heute \u00fcber die Regenbogenbr\u00fccke gegangen. Ronja wurde am 15.12.2007 geboren und ist die Mutter unseres 1.Langstockhaarwurfes. Sie hat ihre Pr\u00fcfungen und die K\u00f6rungen mit Erfolg abgelegt und konnte 2011 auf der BSZS in N\u00fcrnberg in der GHKL die Bewertung Vorz\u00fcglich 6 erreichen. Ronja lebte seit ihrer Welpenzeit bei ihrer Familie in H\u00fcnstetten und wurde von ihren beiden S\u00f6hne &#8222;Frodo&#8220; &amp;&#8220;Filou&#8220; bis zum letzten Tag begleitet.<\/p>\n\n\n\n<figure class=\"wp-block-gallery columns-2 is-cropped wp-block-gallery-1 is-layout-flex wp-block-gallery-is-layout-flex\"><ul class=\"blocks-gallery-grid\"><li class=\"blocks-gallery-item\"><figure><img loading=\"lazy\" decoding=\"async\" width=\"742\" height=\"816\" src=\"https:\/\/von-beluga.de\/wp-content\/uploads\/2020\/10\/IMG-20201012-WA0002.jpg\" alt=\"\" data-id=\"3909\" data-full-url=\"https:\/\/von-beluga.de\/wp-content\/uploads\/2020\/10\/IMG-20201012-WA0002.jpg\" data-link=\"https:\/\/von-beluga.de\/?attachment_id=3909\" class=\"wp-image-3909\" srcset=\"https:\/\/von-beluga.de\/wp-content\/uploads\/2020\/10\/IMG-20201012-WA0002.jpg 742w, https:\/\/von-beluga.de\/wp-content\/uploads\/2020\/10\/IMG-20201012-WA0002-273x300.jpg 273w\" sizes=\"auto, (max-width: 742px) 100vw, 742px\" \/><\/figure><\/li><li class=\"blocks-gallery-item\"><figure><img loading=\"lazy\" decoding=\"async\" width=\"768\" height=\"1024\" src=\"https:\/\/von-beluga.de\/wp-content\/uploads\/2020\/10\/IMG-20201012-WA0003-768x1024.jpg\" alt=\"\" data-id=\"3910\" data-full-url=\"https:\/\/von-beluga.de\/wp-content\/uploads\/2020\/10\/IMG-20201012-WA0003.jpg\" data-link=\"https:\/\/von-beluga.de\/?attachment_id=3910\" class=\"wp-image-3910\" srcset=\"https:\/\/von-beluga.de\/wp-content\/uploads\/2020\/10\/IMG-20201012-WA0003-768x1024.jpg 768w, https:\/\/von-beluga.de\/wp-content\/uploads\/2020\/10\/IMG-20201012-WA0003-225x300.jpg 225w, https:\/\/von-beluga.de\/wp-content\/uploads\/2020\/10\/IMG-20201012-WA0003-1152x1536.jpg 1152w, https:\/\/von-beluga.de\/wp-content\/uploads\/2020\/10\/IMG-20201012-WA0003.jpg 1200w\" sizes=\"auto, (max-width: 768px) 100vw, 768px\" \/><\/figure><\/li><\/ul><\/figure>\n\n\n\n<div class=\"wp-block-image\"><figure class=\"aligncenter size-large\"><img loading=\"lazy\" decoding=\"async\" width=\"768\" height=\"1024\" src=\"https:\/\/von-beluga.de\/wp-content\/uploads\/2020\/10\/IMG-20201012-WA0004-768x1024.jpg\" alt=\"\" class=\"wp-image-3911\" srcset=\"https:\/\/von-beluga.de\/wp-content\/uploads\/2020\/10\/IMG-20201012-WA0004-768x1024.jpg 768w, https:\/\/von-beluga.de\/wp-content\/uploads\/2020\/10\/IMG-20201012-WA0004-225x300.jpg 225w, https:\/\/von-beluga.de\/wp-content\/uploads\/2020\/10\/IMG-20201012-WA0004-1152x1536.jpg 1152w, https:\/\/von-beluga.de\/wp-content\/uploads\/2020\/10\/IMG-20201012-WA0004.jpg 1200w\" sizes=\"auto, (max-width: 768px) 100vw, 768px\" \/><\/figure><\/div>\n","protected":false},"excerpt":{"rendered":"<p>&#8222;Xcaret &#8220; gen.: Ronja ist heute \u00fcber die Regenbogenbr\u00fccke gegangen. Ronja wurde am 15.12.2007 geboren und ist die Mutter unseres 1.Langstockhaarwurfes. Sie hat ihre Pr\u00fcfungen und die K\u00f6rungen mit Erfolg abgelegt und konnte 2011 auf der BSZS in N\u00fcrnberg in &hellip; <a href=\"https:\/\/von-beluga.de\/?p=3908\">Weiterlesen <span class=\"meta-nav\">&rarr;<\/span><\/a><\/p>\n","protected":false},"author":1,"featured_media":0,"comment_status":"closed","ping_status":"closed","sticky":false,"template":"","format":"standard","meta":{"footnotes":""},"categories":[9],"tags":[],"class_list":["post-3908","post","type-post","status-publish","format-standard","hentry","category-nachruf"],"_links":{"self":[{"href":"https:\/\/von-beluga.de\/index.php?rest_route=\/wp\/v2\/posts\/3908","targetHints":{"allow":["GET"]}}],"collection":[{"href":"https:\/\/von-beluga.de\/index.php?rest_route=\/wp\/v2\/posts"}],"about":[{"href":"https:\/\/von-beluga.de\/index.php?rest_route=\/wp\/v2\/types\/post"}],"author":[{"embeddable":true,"href":"https:\/\/von-beluga.de\/index.php?rest_route=\/wp\/v2\/users\/1"}],"replies":[{"embeddable":true,"href":"https:\/\/von-beluga.de\/index.php?rest_route=%2Fwp%2Fv2%2Fcomments&post=3908"}],"version-history":[{"count":1,"href":"https:\/\/von-beluga.de\/index.php?rest_route=\/wp\/v2\/posts\/3908\/revisions"}],"predecessor-version":[{"id":3912,"href":"https:\/\/von-beluga.de\/index.php?rest_route=\/wp\/v2\/posts\/3908\/revisions\/3912"}],"wp:attachment":[{"href":"https:\/\/von-beluga.de\/index.php?rest_route=%2Fwp%2Fv2%2Fmedia&parent=3908"}],"wp:term":[{"taxonomy":"category","embeddable":true,"href":"https:\/\/von-beluga.de\/index.php?rest_route=%2Fwp%2Fv2%2Fcategories&post=3908"},{"taxonomy":"post_tag","embeddable":true,"href":"https:\/\/von-beluga.de\/index.php?rest_route=%2Fwp%2Fv2%2Ftags&post=3908"}],"curies":[{"name":"wp","href":"https:\/\/api.w.org\/{rel}","templated":true}]}}