{"id":3918,"date":"2020-10-27T17:57:38","date_gmt":"2020-10-27T16:57:38","guid":{"rendered":"http:\/\/von-beluga.de\/?p=3918"},"modified":"2020-10-27T17:57:38","modified_gmt":"2020-10-27T16:57:38","slug":"r-i-p-wonder","status":"publish","type":"post","link":"https:\/\/von-beluga.de\/?p=3918","title":{"rendered":"R.I.P.  Wonder"},"content":{"rendered":"\n<p class=\"has-drop-cap\"><em>Wonder<\/em>  ist heute \u00fcber die Regenbogenbogenbr\u00fccke gegangen. Sie wurde am 28.8.2007 geboren. Wonder hat erfolgreich die IPO2 abgelegt,wurde mit Vorz\u00fcglich bewertet und  au\u00dferdem noch die RH-Pr\u00fcfung bestanden. Sie hatte in jungen Jahren einen R\u00fcckenmarksinfarkt und war dadurch gel\u00e4hmt.                                                                                    Ihr Frauchen, Bianca, hat sie aber nie aufgegeben&#8230;&#8230;&#8230;..!!!                                                         Durch eine erfolgreich durchgef\u00fchrte Operation und eine sehr lange Rekonvaleszenz hat sich die H\u00fcndin ins Leben zur\u00fcck gek\u00e4mpft. Sie hat wieder laufen gelernt und war danach ein ganz normaler aktiver Hund, was viele nicht f\u00fcr m\u00f6glich gehalten haben. In ihrem kleinen Rudel hat sie immer ihre Stellung behauptet. Sie hatte, trotz allem, wundersch\u00f6ne 13 Jahre und lebte zuletzt mit ihrer Familie in Berlin. <\/p>\n\n\n\n<figure class=\"wp-block-gallery columns-2 is-cropped wp-block-gallery-1 is-layout-flex wp-block-gallery-is-layout-flex\"><ul class=\"blocks-gallery-grid\"><li class=\"blocks-gallery-item\"><figure><img loading=\"lazy\" decoding=\"async\" width=\"768\" height=\"1024\" src=\"https:\/\/von-beluga.de\/wp-content\/uploads\/2020\/10\/Wonder1-768x1024.jpg\" alt=\"\" data-id=\"3919\" data-link=\"https:\/\/von-beluga.de\/?attachment_id=3919\" class=\"wp-image-3919\" srcset=\"https:\/\/von-beluga.de\/wp-content\/uploads\/2020\/10\/Wonder1-768x1024.jpg 768w, https:\/\/von-beluga.de\/wp-content\/uploads\/2020\/10\/Wonder1-225x300.jpg 225w, https:\/\/von-beluga.de\/wp-content\/uploads\/2020\/10\/Wonder1-1152x1536.jpg 1152w, https:\/\/von-beluga.de\/wp-content\/uploads\/2020\/10\/Wonder1.jpg 1200w\" sizes=\"auto, (max-width: 768px) 100vw, 768px\" \/><figcaption class=\"blocks-gallery-item__caption\">Wonder am 26.10.2020<\/figcaption><\/figure><\/li><li class=\"blocks-gallery-item\"><figure><img loading=\"lazy\" decoding=\"async\" width=\"768\" height=\"1024\" src=\"https:\/\/von-beluga.de\/wp-content\/uploads\/2020\/10\/Wonder2-768x1024.jpg\" alt=\"\" data-id=\"3920\" data-full-url=\"https:\/\/von-beluga.de\/wp-content\/uploads\/2020\/10\/Wonder2.jpg\" data-link=\"https:\/\/von-beluga.de\/?attachment_id=3920\" class=\"wp-image-3920\" srcset=\"https:\/\/von-beluga.de\/wp-content\/uploads\/2020\/10\/Wonder2-768x1024.jpg 768w, https:\/\/von-beluga.de\/wp-content\/uploads\/2020\/10\/Wonder2-225x300.jpg 225w, https:\/\/von-beluga.de\/wp-content\/uploads\/2020\/10\/Wonder2-1152x1536.jpg 1152w, https:\/\/von-beluga.de\/wp-content\/uploads\/2020\/10\/Wonder2.jpg 1200w\" sizes=\"auto, (max-width: 768px) 100vw, 768px\" \/><\/figure><\/li><\/ul><\/figure>\n","protected":false},"excerpt":{"rendered":"<p>Wonder ist heute \u00fcber die Regenbogenbogenbr\u00fccke gegangen. Sie wurde am 28.8.2007 geboren. Wonder hat erfolgreich die IPO2 abgelegt,wurde mit Vorz\u00fcglich bewertet und au\u00dferdem noch die RH-Pr\u00fcfung bestanden. Sie hatte in jungen Jahren einen R\u00fcckenmarksinfarkt und war dadurch gel\u00e4hmt. Ihr Frauchen, &hellip; <a href=\"https:\/\/von-beluga.de\/?p=3918\">Weiterlesen <span class=\"meta-nav\">&rarr;<\/span><\/a><\/p>\n","protected":false},"author":1,"featured_media":0,"comment_status":"closed","ping_status":"closed","sticky":false,"template":"","format":"standard","meta":{"footnotes":""},"categories":[9],"tags":[],"class_list":["post-3918","post","type-post","status-publish","format-standard","hentry","category-nachruf"],"_links":{"self":[{"href":"https:\/\/von-beluga.de\/index.php?rest_route=\/wp\/v2\/posts\/3918","targetHints":{"allow":["GET"]}}],"collection":[{"href":"https:\/\/von-beluga.de\/index.php?rest_route=\/wp\/v2\/posts"}],"about":[{"href":"https:\/\/von-beluga.de\/index.php?rest_route=\/wp\/v2\/types\/post"}],"author":[{"embeddable":true,"href":"https:\/\/von-beluga.de\/index.php?rest_route=\/wp\/v2\/users\/1"}],"replies":[{"embeddable":true,"href":"https:\/\/von-beluga.de\/index.php?rest_route=%2Fwp%2Fv2%2Fcomments&post=3918"}],"version-history":[{"count":3,"href":"https:\/\/von-beluga.de\/index.php?rest_route=\/wp\/v2\/posts\/3918\/revisions"}],"predecessor-version":[{"id":3923,"href":"https:\/\/von-beluga.de\/index.php?rest_route=\/wp\/v2\/posts\/3918\/revisions\/3923"}],"wp:attachment":[{"href":"https:\/\/von-beluga.de\/index.php?rest_route=%2Fwp%2Fv2%2Fmedia&parent=3918"}],"wp:term":[{"taxonomy":"category","embeddable":true,"href":"https:\/\/von-beluga.de\/index.php?rest_route=%2Fwp%2Fv2%2Fcategories&post=3918"},{"taxonomy":"post_tag","embeddable":true,"href":"https:\/\/von-beluga.de\/index.php?rest_route=%2Fwp%2Fv2%2Ftags&post=3918"}],"curies":[{"name":"wp","href":"https:\/\/api.w.org\/{rel}","templated":true}]}}