{"id":4058,"date":"2021-01-24T16:18:18","date_gmt":"2021-01-24T15:18:18","guid":{"rendered":"http:\/\/von-beluga.de\/?p=4058"},"modified":"2021-01-24T16:18:18","modified_gmt":"2021-01-24T15:18:18","slug":"las-palmas-2","status":"publish","type":"post","link":"https:\/\/von-beluga.de\/?p=4058","title":{"rendered":"Las Palmas &#8230;&#8230;.."},"content":{"rendered":"\n<p>Entgegen meiner urspr\u00fcnglichen Absicht Las Palmas im kommenden Herbst belegen zu lassen, habe ich mich nun anders entschieden. Mein M\u00e4del ist bereits in der Standhitze und ich habe mich kurzfristig dazu entschlossen Las Palmas doch lieber im Fr\u00fchjahr ihre Welpen (sofern alles klappt) aufziehen zu lassen. Also waren wir gestern nochmal bei Thiago (Vater von Justizias Welpen), da dieser R\u00fcde mich absolut \u00fcberzeugt hat und sie wurde belegt. Jetzt hei\u00dft es abwarten und hoffen&#8230;&#8230;.<\/p>\n\n\n\n<figure class=\"wp-block-gallery columns-0 is-cropped wp-block-gallery-1 is-layout-flex wp-block-gallery-is-layout-flex\"><ul class=\"blocks-gallery-grid\"><\/ul><\/figure>\n\n\n\n<figure class=\"wp-block-image size-large is-resized\"><a href=\"https:\/\/von-beluga.de\/wp-content\/uploads\/2021\/01\/2.jpg\"><img loading=\"lazy\" decoding=\"async\" src=\"https:\/\/von-beluga.de\/wp-content\/uploads\/2021\/01\/2.jpg\" alt=\"\" class=\"wp-image-4060\" width=\"614\" height=\"462\" srcset=\"https:\/\/von-beluga.de\/wp-content\/uploads\/2021\/01\/2.jpg 1019w, https:\/\/von-beluga.de\/wp-content\/uploads\/2021\/01\/2-300x226.jpg 300w, https:\/\/von-beluga.de\/wp-content\/uploads\/2021\/01\/2-768x579.jpg 768w, https:\/\/von-beluga.de\/wp-content\/uploads\/2021\/01\/2-398x300.jpg 398w\" sizes=\"auto, (max-width: 614px) 100vw, 614px\" \/><\/a><figcaption>                  <strong>                                             <em>LasPalmas von Beluga<\/em><\/strong><\/figcaption><\/figure>\n\n\n\n<figure class=\"wp-block-image size-large\"><a href=\"https:\/\/von-beluga.de\/wp-content\/uploads\/2021\/01\/thiago.jpg\"><img loading=\"lazy\" decoding=\"async\" width=\"768\" height=\"768\" src=\"https:\/\/von-beluga.de\/wp-content\/uploads\/2021\/01\/thiago.jpg\" alt=\"\" class=\"wp-image-4061\" srcset=\"https:\/\/von-beluga.de\/wp-content\/uploads\/2021\/01\/thiago.jpg 768w, https:\/\/von-beluga.de\/wp-content\/uploads\/2021\/01\/thiago-300x300.jpg 300w, https:\/\/von-beluga.de\/wp-content\/uploads\/2021\/01\/thiago-150x150.jpg 150w\" sizes=\"auto, (max-width: 768px) 100vw, 768px\" \/><\/a><figcaption><strong><em>                                                      Thiago von der Piste Trophe<\/em><\/strong><\/figcaption><\/figure>\n\n\n\n<figure class=\"wp-block-gallery columns-0 is-cropped wp-block-gallery-2 is-layout-flex wp-block-gallery-is-layout-flex\"><ul class=\"blocks-gallery-grid\"><\/ul><\/figure>\n","protected":false},"excerpt":{"rendered":"<p>Entgegen meiner urspr\u00fcnglichen Absicht Las Palmas im kommenden Herbst belegen zu lassen, habe ich mich nun anders entschieden. Mein M\u00e4del ist bereits in der Standhitze und ich habe mich kurzfristig dazu entschlossen Las Palmas doch lieber im Fr\u00fchjahr ihre Welpen &hellip; <a href=\"https:\/\/von-beluga.de\/?p=4058\">Weiterlesen <span class=\"meta-nav\">&rarr;<\/span><\/a><\/p>\n","protected":false},"author":1,"featured_media":0,"comment_status":"closed","ping_status":"closed","sticky":false,"template":"","format":"standard","meta":{"footnotes":""},"categories":[6],"tags":[],"class_list":["post-4058","post","type-post","status-publish","format-standard","hentry","category-wurfplanung"],"_links":{"self":[{"href":"https:\/\/von-beluga.de\/index.php?rest_route=\/wp\/v2\/posts\/4058","targetHints":{"allow":["GET"]}}],"collection":[{"href":"https:\/\/von-beluga.de\/index.php?rest_route=\/wp\/v2\/posts"}],"about":[{"href":"https:\/\/von-beluga.de\/index.php?rest_route=\/wp\/v2\/types\/post"}],"author":[{"embeddable":true,"href":"https:\/\/von-beluga.de\/index.php?rest_route=\/wp\/v2\/users\/1"}],"replies":[{"embeddable":true,"href":"https:\/\/von-beluga.de\/index.php?rest_route=%2Fwp%2Fv2%2Fcomments&post=4058"}],"version-history":[{"count":3,"href":"https:\/\/von-beluga.de\/index.php?rest_route=\/wp\/v2\/posts\/4058\/revisions"}],"predecessor-version":[{"id":4064,"href":"https:\/\/von-beluga.de\/index.php?rest_route=\/wp\/v2\/posts\/4058\/revisions\/4064"}],"wp:attachment":[{"href":"https:\/\/von-beluga.de\/index.php?rest_route=%2Fwp%2Fv2%2Fmedia&parent=4058"}],"wp:term":[{"taxonomy":"category","embeddable":true,"href":"https:\/\/von-beluga.de\/index.php?rest_route=%2Fwp%2Fv2%2Fcategories&post=4058"},{"taxonomy":"post_tag","embeddable":true,"href":"https:\/\/von-beluga.de\/index.php?rest_route=%2Fwp%2Fv2%2Ftags&post=4058"}],"curies":[{"name":"wp","href":"https:\/\/api.w.org\/{rel}","templated":true}]}}