{"id":4167,"date":"2021-02-24T16:32:00","date_gmt":"2021-02-24T15:32:00","guid":{"rendered":"http:\/\/von-beluga.de\/?p=4167"},"modified":"2021-02-24T16:32:00","modified_gmt":"2021-02-24T15:32:00","slug":"las-palmas-ist-tragend","status":"publish","type":"post","link":"https:\/\/von-beluga.de\/?p=4167","title":{"rendered":"Las Palmas ist tragend !"},"content":{"rendered":"\n<p><strong><em>Las Palmas<\/em><\/strong>  ist laut Ultraschall tragend. Ende M\u00e4rz wird sie ihre Welpen zur Welt bringen.  Wir hoffen das die Mama und die Zwerge die Geburt gesund \u00fcberstehen und das Haus wieder mit neuem Leben erf\u00fcllen.<\/p>\n","protected":false},"excerpt":{"rendered":"<p>Las Palmas ist laut Ultraschall tragend. Ende M\u00e4rz wird sie ihre Welpen zur Welt bringen. Wir hoffen das die Mama und die Zwerge die Geburt gesund \u00fcberstehen und das Haus wieder mit neuem Leben erf\u00fcllen.<\/p>\n","protected":false},"author":1,"featured_media":0,"comment_status":"closed","ping_status":"closed","sticky":false,"template":"","format":"standard","meta":{"footnotes":""},"categories":[6],"tags":[],"class_list":["post-4167","post","type-post","status-publish","format-standard","hentry","category-wurfplanung"],"_links":{"self":[{"href":"https:\/\/von-beluga.de\/index.php?rest_route=\/wp\/v2\/posts\/4167","targetHints":{"allow":["GET"]}}],"collection":[{"href":"https:\/\/von-beluga.de\/index.php?rest_route=\/wp\/v2\/posts"}],"about":[{"href":"https:\/\/von-beluga.de\/index.php?rest_route=\/wp\/v2\/types\/post"}],"author":[{"embeddable":true,"href":"https:\/\/von-beluga.de\/index.php?rest_route=\/wp\/v2\/users\/1"}],"replies":[{"embeddable":true,"href":"https:\/\/von-beluga.de\/index.php?rest_route=%2Fwp%2Fv2%2Fcomments&post=4167"}],"version-history":[{"count":1,"href":"https:\/\/von-beluga.de\/index.php?rest_route=\/wp\/v2\/posts\/4167\/revisions"}],"predecessor-version":[{"id":4168,"href":"https:\/\/von-beluga.de\/index.php?rest_route=\/wp\/v2\/posts\/4167\/revisions\/4168"}],"wp:attachment":[{"href":"https:\/\/von-beluga.de\/index.php?rest_route=%2Fwp%2Fv2%2Fmedia&parent=4167"}],"wp:term":[{"taxonomy":"category","embeddable":true,"href":"https:\/\/von-beluga.de\/index.php?rest_route=%2Fwp%2Fv2%2Fcategories&post=4167"},{"taxonomy":"post_tag","embeddable":true,"href":"https:\/\/von-beluga.de\/index.php?rest_route=%2Fwp%2Fv2%2Ftags&post=4167"}],"curies":[{"name":"wp","href":"https:\/\/api.w.org\/{rel}","templated":true}]}}