{"id":4623,"date":"2021-08-16T17:39:55","date_gmt":"2021-08-16T15:39:55","guid":{"rendered":"http:\/\/von-beluga.de\/?p=4623"},"modified":"2021-08-16T17:39:55","modified_gmt":"2021-08-16T15:39:55","slug":"internationale-ausstellung","status":"publish","type":"post","link":"https:\/\/von-beluga.de\/?p=4623","title":{"rendered":"Internationale Ausstellung"},"content":{"rendered":"\n<p class=\"has-black-color has-text-color\">Am 15.08.21 fand nach fast 2 Jahren die 1. Rassehundeausstellung im VDH statt. Wir hatten uns schon sehr lange auf diese Veranstaltung gefreut und trotz extremer Einschr\u00e4nkungen durch Corona hatten wir ein sehr erfolgreiches Wochenende.<\/p>\n\n\n\n<figure class=\"wp-block-gallery columns-2 is-cropped wp-block-gallery-1 is-layout-flex wp-block-gallery-is-layout-flex\"><ul class=\"blocks-gallery-grid\"><li class=\"blocks-gallery-item\"><figure><a href=\"https:\/\/von-beluga.de\/wp-content\/uploads\/2021\/08\/20210815_164149.jpg\"><img loading=\"lazy\" decoding=\"async\" width=\"1024\" height=\"576\" src=\"https:\/\/von-beluga.de\/wp-content\/uploads\/2021\/08\/20210815_164149.jpg\" alt=\"\" data-id=\"4624\" data-full-url=\"https:\/\/von-beluga.de\/wp-content\/uploads\/2021\/08\/20210815_164149.jpg\" data-link=\"https:\/\/von-beluga.de\/?attachment_id=4624\" class=\"wp-image-4624\" srcset=\"https:\/\/von-beluga.de\/wp-content\/uploads\/2021\/08\/20210815_164149.jpg 1024w, https:\/\/von-beluga.de\/wp-content\/uploads\/2021\/08\/20210815_164149-300x169.jpg 300w, https:\/\/von-beluga.de\/wp-content\/uploads\/2021\/08\/20210815_164149-768x432.jpg 768w, https:\/\/von-beluga.de\/wp-content\/uploads\/2021\/08\/20210815_164149-500x281.jpg 500w\" sizes=\"auto, (max-width: 1024px) 100vw, 1024px\" \/><\/a><figcaption class=\"blocks-gallery-item__caption\">Pasadena-Justizia-New Jersey<\/figcaption><\/figure><\/li><li class=\"blocks-gallery-item\"><figure><a href=\"https:\/\/von-beluga.de\/wp-content\/uploads\/2021\/08\/20210815_164237.jpg\"><img loading=\"lazy\" decoding=\"async\" width=\"1024\" height=\"576\" src=\"https:\/\/von-beluga.de\/wp-content\/uploads\/2021\/08\/20210815_164237.jpg\" alt=\"\" data-id=\"4625\" data-full-url=\"https:\/\/von-beluga.de\/wp-content\/uploads\/2021\/08\/20210815_164237.jpg\" data-link=\"https:\/\/von-beluga.de\/?attachment_id=4625\" class=\"wp-image-4625\" srcset=\"https:\/\/von-beluga.de\/wp-content\/uploads\/2021\/08\/20210815_164237.jpg 1024w, https:\/\/von-beluga.de\/wp-content\/uploads\/2021\/08\/20210815_164237-300x169.jpg 300w, https:\/\/von-beluga.de\/wp-content\/uploads\/2021\/08\/20210815_164237-768x432.jpg 768w, https:\/\/von-beluga.de\/wp-content\/uploads\/2021\/08\/20210815_164237-500x281.jpg 500w\" sizes=\"auto, (max-width: 1024px) 100vw, 1024px\" \/><\/a><\/figure><\/li><\/ul><\/figure>\n\n\n\n<p class=\"has-drop-cap has-black-color has-text-color\"><strong><em>Justizia<\/em><\/strong> war, nach den R\u00fcden, als erste H\u00fcndin dran. Sie erreichte in der Championklasse Vorz\u00fcglich 1 und die Anwartschat auf den VDH-Champion. Nun hat sie alle ben\u00f6tigten Anwartschaften um den Titel VDH Champion zu beantragen.                                                       <strong><em>New Jersey<\/em><\/strong> wurde dann in der Gebrauchshundeklasse vorgestellt und mit V1, Anw.VDH.Ch. bewertet. Beide M\u00e4dels mussten dann noch um den Titel beste H\u00fcndin konkurrieren. Hier hatte New Jersey die Nase vorn und erhielt das CACIB und den Titel Rheinland-Pfalz-Siegerin 2021. Danach musste sie noch gegen den besten R\u00fcden antreten und gewann dann hier auch noch das BOB (Best of Breed).                                                                                                             Im Anschlu\u00df wurden die Langstockhaar bewertet.<strong><em> Pasadena<\/em><\/strong> von Birgit Gerhards aus der Zwischenklasse gewann ebenfalls alles &#8230;&#8230;!  Sie bekam V1, Anw.VDH Ch., CACIB &amp; BOB  &amp; den Titel Rheinland-Pfalz-Siegerin 2021 zuerkannt.                                                                                                           Unsere Richterin, Frau Lochs-Romans, kam aus den Niederlanden. Sie war von den Hunden total begeistert und bedankte sich bei uns f\u00fcr das Vorf\u00fchren der Hunde.<\/p>\n\n\n\n<figure class=\"wp-block-gallery columns-2 is-cropped wp-block-gallery-2 is-layout-flex wp-block-gallery-is-layout-flex\"><ul class=\"blocks-gallery-grid\"><li class=\"blocks-gallery-item\"><figure><a href=\"https:\/\/von-beluga.de\/wp-content\/uploads\/2021\/08\/New-Jersey-R-P-S-21-001-1.jpg\"><img loading=\"lazy\" decoding=\"async\" width=\"558\" height=\"768\" src=\"https:\/\/von-beluga.de\/wp-content\/uploads\/2021\/08\/New-Jersey-R-P-S-21-001-1.jpg\" alt=\"\" data-id=\"4628\" data-link=\"https:\/\/von-beluga.de\/?attachment_id=4628\" class=\"wp-image-4628\" srcset=\"https:\/\/von-beluga.de\/wp-content\/uploads\/2021\/08\/New-Jersey-R-P-S-21-001-1.jpg 558w, https:\/\/von-beluga.de\/wp-content\/uploads\/2021\/08\/New-Jersey-R-P-S-21-001-1-218x300.jpg 218w\" sizes=\"auto, (max-width: 558px) 100vw, 558px\" \/><\/a><\/figure><\/li><li class=\"blocks-gallery-item\"><figure><a href=\"https:\/\/von-beluga.de\/wp-content\/uploads\/2021\/08\/Pasadena-RL-P-S-21-001.jpg\"><img loading=\"lazy\" decoding=\"async\" width=\"558\" height=\"768\" src=\"https:\/\/von-beluga.de\/wp-content\/uploads\/2021\/08\/Pasadena-RL-P-S-21-001.jpg\" alt=\"\" data-id=\"4629\" data-full-url=\"https:\/\/von-beluga.de\/wp-content\/uploads\/2021\/08\/Pasadena-RL-P-S-21-001.jpg\" data-link=\"https:\/\/von-beluga.de\/?attachment_id=4629\" class=\"wp-image-4629\" srcset=\"https:\/\/von-beluga.de\/wp-content\/uploads\/2021\/08\/Pasadena-RL-P-S-21-001.jpg 558w, https:\/\/von-beluga.de\/wp-content\/uploads\/2021\/08\/Pasadena-RL-P-S-21-001-218x300.jpg 218w\" sizes=\"auto, (max-width: 558px) 100vw, 558px\" \/><\/a><\/figure><\/li><\/ul><\/figure>\n\n\n\n<p class=\"has-text-align-center\">Bei ihrem ersten Auftritt im Bereich gro\u00dfer VDH Ausstellungen haben sich unsere beiden &#8222;Newcomer&#8220; sehr gut pr\u00e4sentiert und wir sind sehr stolz auf die M\u00e4dels.<\/p>\n","protected":false},"excerpt":{"rendered":"<p>Am 15.08.21 fand nach fast 2 Jahren die 1. Rassehundeausstellung im VDH statt. Wir hatten uns schon sehr lange auf diese Veranstaltung gefreut und trotz extremer Einschr\u00e4nkungen durch Corona hatten wir ein sehr erfolgreiches Wochenende. Justizia war, nach den R\u00fcden, &hellip; <a href=\"https:\/\/von-beluga.de\/?p=4623\">Weiterlesen <span class=\"meta-nav\">&rarr;<\/span><\/a><\/p>\n","protected":false},"author":1,"featured_media":0,"comment_status":"closed","ping_status":"closed","sticky":false,"template":"","format":"standard","meta":{"footnotes":""},"categories":[2],"tags":[],"class_list":["post-4623","post","type-post","status-publish","format-standard","hentry","category-ausstellungen"],"_links":{"self":[{"href":"https:\/\/von-beluga.de\/index.php?rest_route=\/wp\/v2\/posts\/4623","targetHints":{"allow":["GET"]}}],"collection":[{"href":"https:\/\/von-beluga.de\/index.php?rest_route=\/wp\/v2\/posts"}],"about":[{"href":"https:\/\/von-beluga.de\/index.php?rest_route=\/wp\/v2\/types\/post"}],"author":[{"embeddable":true,"href":"https:\/\/von-beluga.de\/index.php?rest_route=\/wp\/v2\/users\/1"}],"replies":[{"embeddable":true,"href":"https:\/\/von-beluga.de\/index.php?rest_route=%2Fwp%2Fv2%2Fcomments&post=4623"}],"version-history":[{"count":4,"href":"https:\/\/von-beluga.de\/index.php?rest_route=\/wp\/v2\/posts\/4623\/revisions"}],"predecessor-version":[{"id":4632,"href":"https:\/\/von-beluga.de\/index.php?rest_route=\/wp\/v2\/posts\/4623\/revisions\/4632"}],"wp:attachment":[{"href":"https:\/\/von-beluga.de\/index.php?rest_route=%2Fwp%2Fv2%2Fmedia&parent=4623"}],"wp:term":[{"taxonomy":"category","embeddable":true,"href":"https:\/\/von-beluga.de\/index.php?rest_route=%2Fwp%2Fv2%2Fcategories&post=4623"},{"taxonomy":"post_tag","embeddable":true,"href":"https:\/\/von-beluga.de\/index.php?rest_route=%2Fwp%2Fv2%2Ftags&post=4623"}],"curies":[{"name":"wp","href":"https:\/\/api.w.org\/{rel}","templated":true}]}}