{"id":4758,"date":"2021-09-24T15:40:08","date_gmt":"2021-09-24T13:40:08","guid":{"rendered":"http:\/\/von-beluga.de\/?p=4758"},"modified":"2021-09-24T15:40:08","modified_gmt":"2021-09-24T13:40:08","slug":"deutscher-champion-vdh","status":"publish","type":"post","link":"https:\/\/von-beluga.de\/?p=4758","title":{"rendered":"Deutscher Champion (VDH)"},"content":{"rendered":"\n<p class=\"has-drop-cap\">Heute kam die best\u00e4tigte Urkunde <strong>DEUTSCHER CHAMPION (VDH)<\/strong>  f\u00fcr <strong><em>Justizia.<\/em><\/strong> Damit konnte sie nun au\u00dfer den Titeln Luxemburg-Champion und Internationaler Champion, auch noch den Deutschen Champion erhalten.<\/p>\n\n\n\n<div class=\"wp-block-image is-style-default\"><figure class=\"aligncenter size-full\"><a href=\"https:\/\/von-beluga.de\/wp-content\/uploads\/2021\/09\/VDH-Ch.-Justizia-001.jpg\"><img loading=\"lazy\" decoding=\"async\" width=\"558\" height=\"768\" src=\"https:\/\/von-beluga.de\/wp-content\/uploads\/2021\/09\/VDH-Ch.-Justizia-001.jpg\" alt=\"\" class=\"wp-image-4759\" srcset=\"https:\/\/von-beluga.de\/wp-content\/uploads\/2021\/09\/VDH-Ch.-Justizia-001.jpg 558w, https:\/\/von-beluga.de\/wp-content\/uploads\/2021\/09\/VDH-Ch.-Justizia-001-218x300.jpg 218w\" sizes=\"auto, (max-width: 558px) 100vw, 558px\" \/><\/a><\/figure><\/div>\n","protected":false},"excerpt":{"rendered":"<p>Heute kam die best\u00e4tigte Urkunde DEUTSCHER CHAMPION (VDH) f\u00fcr Justizia. Damit konnte sie nun au\u00dfer den Titeln Luxemburg-Champion und Internationaler Champion, auch noch den Deutschen Champion erhalten.<\/p>\n","protected":false},"author":1,"featured_media":0,"comment_status":"closed","ping_status":"closed","sticky":false,"template":"","format":"standard","meta":{"footnotes":""},"categories":[2],"tags":[],"class_list":["post-4758","post","type-post","status-publish","format-standard","hentry","category-ausstellungen"],"_links":{"self":[{"href":"https:\/\/von-beluga.de\/index.php?rest_route=\/wp\/v2\/posts\/4758","targetHints":{"allow":["GET"]}}],"collection":[{"href":"https:\/\/von-beluga.de\/index.php?rest_route=\/wp\/v2\/posts"}],"about":[{"href":"https:\/\/von-beluga.de\/index.php?rest_route=\/wp\/v2\/types\/post"}],"author":[{"embeddable":true,"href":"https:\/\/von-beluga.de\/index.php?rest_route=\/wp\/v2\/users\/1"}],"replies":[{"embeddable":true,"href":"https:\/\/von-beluga.de\/index.php?rest_route=%2Fwp%2Fv2%2Fcomments&post=4758"}],"version-history":[{"count":1,"href":"https:\/\/von-beluga.de\/index.php?rest_route=\/wp\/v2\/posts\/4758\/revisions"}],"predecessor-version":[{"id":4760,"href":"https:\/\/von-beluga.de\/index.php?rest_route=\/wp\/v2\/posts\/4758\/revisions\/4760"}],"wp:attachment":[{"href":"https:\/\/von-beluga.de\/index.php?rest_route=%2Fwp%2Fv2%2Fmedia&parent=4758"}],"wp:term":[{"taxonomy":"category","embeddable":true,"href":"https:\/\/von-beluga.de\/index.php?rest_route=%2Fwp%2Fv2%2Fcategories&post=4758"},{"taxonomy":"post_tag","embeddable":true,"href":"https:\/\/von-beluga.de\/index.php?rest_route=%2Fwp%2Fv2%2Ftags&post=4758"}],"curies":[{"name":"wp","href":"https:\/\/api.w.org\/{rel}","templated":true}]}}