{"id":4921,"date":"2021-11-13T18:27:58","date_gmt":"2021-11-13T17:27:58","guid":{"rendered":"http:\/\/von-beluga.de\/?p=4921"},"modified":"2021-11-16T18:37:24","modified_gmt":"2021-11-16T17:37:24","slug":"iras-karlsruhe","status":"publish","type":"post","link":"https:\/\/von-beluga.de\/?p=4921","title":{"rendered":"IRAS Karlsruhe"},"content":{"rendered":"\n<figure class=\"wp-block-image size-full is-resized is-style-default\"><a href=\"https:\/\/von-beluga.de\/wp-content\/uploads\/2021\/11\/karsruhe-2021-61a6cc70f85fe8bg8575a7aa9e3b2e03.png\"><img loading=\"lazy\" decoding=\"async\" src=\"https:\/\/von-beluga.de\/wp-content\/uploads\/2021\/11\/karsruhe-2021-61a6cc70f85fe8bg8575a7aa9e3b2e03.png\" alt=\"\" class=\"wp-image-4933\" width=\"549\" height=\"171\" srcset=\"https:\/\/von-beluga.de\/wp-content\/uploads\/2021\/11\/karsruhe-2021-61a6cc70f85fe8bg8575a7aa9e3b2e03.png 684w, https:\/\/von-beluga.de\/wp-content\/uploads\/2021\/11\/karsruhe-2021-61a6cc70f85fe8bg8575a7aa9e3b2e03-300x94.png 300w, https:\/\/von-beluga.de\/wp-content\/uploads\/2021\/11\/karsruhe-2021-61a6cc70f85fe8bg8575a7aa9e3b2e03-500x156.png 500w\" sizes=\"auto, (max-width: 549px) 100vw, 549px\" \/><\/a><\/figure>\n\n\n\n<p>Heute, am 13.11.21, fand der 1.Tag der IRAS in Karlsruhe vom VDH statt. Richter f\u00fcr die Deutschen Sch\u00e4ferhunde war Herr Willi G\u00fcllix, der sein Amt souver\u00e4n und mit viel Feingef\u00fchl wahrgenommen hat. Aus unserer Gruppe waren die youngster Remember und Quintero am Start. Bei den erwachsenen Hunden wurden wir von Monte Carlo und Pasadena vertreten. Hier die tollen Ergebnisse.<\/p>\n\n\n\n<ul class=\"wp-block-list\"><li><strong><em>Remember<\/em><\/strong>  J\u00fcngstenklasse   Vielversprechend 1<\/li><li><strong><em>Quintero<\/em><\/strong>  Jugendklasse  Vorz\u00fcglich 1, Jugendsieger Baden W\u00fcrttemberg, Alpen-Jugendsieger <\/li><li><strong><em>Monte Carlo <\/em><\/strong>    Offene Klasse    Vorz\u00fcglich 1,  VDH Anw., RCACIB<\/li><li><strong><em>Pasadena<\/em><\/strong>      Zwischenklasse    Vorz\u00fcglich1, CACIB, BOS, Alpen Sieger, Sieger Baden- W\u00fcrttemberg<\/li><\/ul>\n\n\n\n<figure class=\"wp-block-gallery columns-2 is-cropped wp-block-gallery-1 is-layout-flex wp-block-gallery-is-layout-flex\"><ul class=\"blocks-gallery-grid\"><li class=\"blocks-gallery-item\"><figure><a href=\"https:\/\/von-beluga.de\/wp-content\/uploads\/2021\/11\/KarlsruheCarlo2.jpg\"><img loading=\"lazy\" decoding=\"async\" width=\"543\" height=\"768\" src=\"https:\/\/von-beluga.de\/wp-content\/uploads\/2021\/11\/KarlsruheCarlo2.jpg\" alt=\"\" data-id=\"4929\" data-link=\"https:\/\/von-beluga.de\/?attachment_id=4929\" class=\"wp-image-4929\" srcset=\"https:\/\/von-beluga.de\/wp-content\/uploads\/2021\/11\/KarlsruheCarlo2.jpg 543w, https:\/\/von-beluga.de\/wp-content\/uploads\/2021\/11\/KarlsruheCarlo2-212x300.jpg 212w\" sizes=\"auto, (max-width: 543px) 100vw, 543px\" \/><\/a><\/figure><\/li><li class=\"blocks-gallery-item\"><figure><a href=\"https:\/\/von-beluga.de\/wp-content\/uploads\/2021\/11\/KarlsruheQuinny1.jpg\"><img loading=\"lazy\" decoding=\"async\" width=\"543\" height=\"768\" src=\"https:\/\/von-beluga.de\/wp-content\/uploads\/2021\/11\/KarlsruheQuinny1.jpg\" alt=\"\" data-id=\"4930\" data-link=\"https:\/\/von-beluga.de\/?attachment_id=4930\" class=\"wp-image-4930\" srcset=\"https:\/\/von-beluga.de\/wp-content\/uploads\/2021\/11\/KarlsruheQuinny1.jpg 543w, https:\/\/von-beluga.de\/wp-content\/uploads\/2021\/11\/KarlsruheQuinny1-212x300.jpg 212w\" sizes=\"auto, (max-width: 543px) 100vw, 543px\" \/><\/a><\/figure><\/li><li class=\"blocks-gallery-item\"><figure><a href=\"https:\/\/von-beluga.de\/wp-content\/uploads\/2021\/11\/KarlsruheQuinny2.jpg\"><img loading=\"lazy\" decoding=\"async\" width=\"543\" height=\"768\" src=\"https:\/\/von-beluga.de\/wp-content\/uploads\/2021\/11\/KarlsruheQuinny2.jpg\" alt=\"\" data-id=\"4931\" data-link=\"https:\/\/von-beluga.de\/?attachment_id=4931\" class=\"wp-image-4931\" srcset=\"https:\/\/von-beluga.de\/wp-content\/uploads\/2021\/11\/KarlsruheQuinny2.jpg 543w, https:\/\/von-beluga.de\/wp-content\/uploads\/2021\/11\/KarlsruheQuinny2-212x300.jpg 212w\" sizes=\"auto, (max-width: 543px) 100vw, 543px\" \/><\/a><\/figure><\/li><li class=\"blocks-gallery-item\"><figure><a href=\"https:\/\/von-beluga.de\/wp-content\/uploads\/2021\/11\/KarlsruheQuinny3.jpg\"><img loading=\"lazy\" decoding=\"async\" width=\"543\" height=\"768\" src=\"https:\/\/von-beluga.de\/wp-content\/uploads\/2021\/11\/KarlsruheQuinny3.jpg\" alt=\"\" data-id=\"4932\" data-full-url=\"https:\/\/von-beluga.de\/wp-content\/uploads\/2021\/11\/KarlsruheQuinny3.jpg\" data-link=\"https:\/\/von-beluga.de\/?attachment_id=4932\" class=\"wp-image-4932\" srcset=\"https:\/\/von-beluga.de\/wp-content\/uploads\/2021\/11\/KarlsruheQuinny3.jpg 543w, https:\/\/von-beluga.de\/wp-content\/uploads\/2021\/11\/KarlsruheQuinny3-212x300.jpg 212w\" sizes=\"auto, (max-width: 543px) 100vw, 543px\" \/><\/a><\/figure><\/li><\/ul><\/figure>\n\n\n\n<p><\/p>\n\n\n\n<p><\/p>\n","protected":false},"excerpt":{"rendered":"<p>Heute, am 13.11.21, fand der 1.Tag der IRAS in Karlsruhe vom VDH statt. Richter f\u00fcr die Deutschen Sch\u00e4ferhunde war Herr Willi G\u00fcllix, der sein Amt souver\u00e4n und mit viel Feingef\u00fchl wahrgenommen hat. Aus unserer Gruppe waren die youngster Remember und &hellip; <a href=\"https:\/\/von-beluga.de\/?p=4921\">Weiterlesen <span class=\"meta-nav\">&rarr;<\/span><\/a><\/p>\n","protected":false},"author":1,"featured_media":0,"comment_status":"closed","ping_status":"closed","sticky":false,"template":"","format":"standard","meta":{"footnotes":""},"categories":[2],"tags":[],"class_list":["post-4921","post","type-post","status-publish","format-standard","hentry","category-ausstellungen"],"_links":{"self":[{"href":"https:\/\/von-beluga.de\/index.php?rest_route=\/wp\/v2\/posts\/4921","targetHints":{"allow":["GET"]}}],"collection":[{"href":"https:\/\/von-beluga.de\/index.php?rest_route=\/wp\/v2\/posts"}],"about":[{"href":"https:\/\/von-beluga.de\/index.php?rest_route=\/wp\/v2\/types\/post"}],"author":[{"embeddable":true,"href":"https:\/\/von-beluga.de\/index.php?rest_route=\/wp\/v2\/users\/1"}],"replies":[{"embeddable":true,"href":"https:\/\/von-beluga.de\/index.php?rest_route=%2Fwp%2Fv2%2Fcomments&post=4921"}],"version-history":[{"count":4,"href":"https:\/\/von-beluga.de\/index.php?rest_route=\/wp\/v2\/posts\/4921\/revisions"}],"predecessor-version":[{"id":4938,"href":"https:\/\/von-beluga.de\/index.php?rest_route=\/wp\/v2\/posts\/4921\/revisions\/4938"}],"wp:attachment":[{"href":"https:\/\/von-beluga.de\/index.php?rest_route=%2Fwp%2Fv2%2Fmedia&parent=4921"}],"wp:term":[{"taxonomy":"category","embeddable":true,"href":"https:\/\/von-beluga.de\/index.php?rest_route=%2Fwp%2Fv2%2Fcategories&post=4921"},{"taxonomy":"post_tag","embeddable":true,"href":"https:\/\/von-beluga.de\/index.php?rest_route=%2Fwp%2Fv2%2Ftags&post=4921"}],"curies":[{"name":"wp","href":"https:\/\/api.w.org\/{rel}","templated":true}]}}