{"id":5131,"date":"2022-03-30T19:13:25","date_gmt":"2022-03-30T17:13:25","guid":{"rendered":"http:\/\/von-beluga.de\/?p=5131"},"modified":"2022-03-30T19:14:07","modified_gmt":"2022-03-30T17:14:07","slug":"justizia-ist-tragend-3","status":"publish","type":"post","link":"https:\/\/von-beluga.de\/?p=5131","title":{"rendered":"Justizia ist tragend"},"content":{"rendered":"\n<p>Nach dem Ultraschall ist es jetzt sicher&#8230;&#8230;&#8230;&#8230;Justizia tr\u00e4gt. Wenn alles gut l\u00e4uft m\u00fcsste sie Ende April \/ Anfang Mai werfen. Wir sind sehr gespannt und freuen uns auf die neuen Zwerge.<\/p>\n\n\n\n<figure class=\"wp-block-gallery has-nested-images columns-default is-cropped wp-block-gallery-1 is-layout-flex wp-block-gallery-is-layout-flex\">\n<figure class=\"wp-block-image size-full is-style-default\"><a href=\"https:\/\/von-beluga.de\/wp-content\/uploads\/2022\/03\/IMG_20220326_161412-1.jpg\"><img loading=\"lazy\" decoding=\"async\" width=\"1024\" height=\"690\" data-id=\"5135\" src=\"https:\/\/von-beluga.de\/wp-content\/uploads\/2022\/03\/IMG_20220326_161412-1.jpg\" alt=\"\" class=\"wp-image-5135\" srcset=\"https:\/\/von-beluga.de\/wp-content\/uploads\/2022\/03\/IMG_20220326_161412-1.jpg 1024w, https:\/\/von-beluga.de\/wp-content\/uploads\/2022\/03\/IMG_20220326_161412-1-300x202.jpg 300w, https:\/\/von-beluga.de\/wp-content\/uploads\/2022\/03\/IMG_20220326_161412-1-768x518.jpg 768w, https:\/\/von-beluga.de\/wp-content\/uploads\/2022\/03\/IMG_20220326_161412-1-445x300.jpg 445w\" sizes=\"auto, (max-width: 1024px) 100vw, 1024px\" \/><\/a><\/figure>\n\n\n\n<figure class=\"wp-block-image size-full is-style-default\"><a href=\"https:\/\/von-beluga.de\/wp-content\/uploads\/2022\/03\/IMG_20220326_161457-1.jpg\"><img loading=\"lazy\" decoding=\"async\" width=\"963\" height=\"768\" data-id=\"5134\" src=\"https:\/\/von-beluga.de\/wp-content\/uploads\/2022\/03\/IMG_20220326_161457-1.jpg\" alt=\"\" class=\"wp-image-5134\" srcset=\"https:\/\/von-beluga.de\/wp-content\/uploads\/2022\/03\/IMG_20220326_161457-1.jpg 963w, https:\/\/von-beluga.de\/wp-content\/uploads\/2022\/03\/IMG_20220326_161457-1-300x239.jpg 300w, https:\/\/von-beluga.de\/wp-content\/uploads\/2022\/03\/IMG_20220326_161457-1-768x612.jpg 768w, https:\/\/von-beluga.de\/wp-content\/uploads\/2022\/03\/IMG_20220326_161457-1-376x300.jpg 376w\" sizes=\"auto, (max-width: 963px) 100vw, 963px\" \/><\/a><\/figure>\n<\/figure>\n","protected":false},"excerpt":{"rendered":"<p>Nach dem Ultraschall ist es jetzt sicher&#8230;&#8230;&#8230;&#8230;Justizia tr\u00e4gt. Wenn alles gut l\u00e4uft m\u00fcsste sie Ende April \/ Anfang Mai werfen. Wir sind sehr gespannt und freuen uns auf die neuen Zwerge.<\/p>\n","protected":false},"author":1,"featured_media":0,"comment_status":"closed","ping_status":"closed","sticky":false,"template":"","format":"standard","meta":{"footnotes":""},"categories":[6],"tags":[],"class_list":["post-5131","post","type-post","status-publish","format-standard","hentry","category-wurfplanung"],"_links":{"self":[{"href":"https:\/\/von-beluga.de\/index.php?rest_route=\/wp\/v2\/posts\/5131","targetHints":{"allow":["GET"]}}],"collection":[{"href":"https:\/\/von-beluga.de\/index.php?rest_route=\/wp\/v2\/posts"}],"about":[{"href":"https:\/\/von-beluga.de\/index.php?rest_route=\/wp\/v2\/types\/post"}],"author":[{"embeddable":true,"href":"https:\/\/von-beluga.de\/index.php?rest_route=\/wp\/v2\/users\/1"}],"replies":[{"embeddable":true,"href":"https:\/\/von-beluga.de\/index.php?rest_route=%2Fwp%2Fv2%2Fcomments&post=5131"}],"version-history":[{"count":1,"href":"https:\/\/von-beluga.de\/index.php?rest_route=\/wp\/v2\/posts\/5131\/revisions"}],"predecessor-version":[{"id":5136,"href":"https:\/\/von-beluga.de\/index.php?rest_route=\/wp\/v2\/posts\/5131\/revisions\/5136"}],"wp:attachment":[{"href":"https:\/\/von-beluga.de\/index.php?rest_route=%2Fwp%2Fv2%2Fmedia&parent=5131"}],"wp:term":[{"taxonomy":"category","embeddable":true,"href":"https:\/\/von-beluga.de\/index.php?rest_route=%2Fwp%2Fv2%2Fcategories&post=5131"},{"taxonomy":"post_tag","embeddable":true,"href":"https:\/\/von-beluga.de\/index.php?rest_route=%2Fwp%2Fv2%2Ftags&post=5131"}],"curies":[{"name":"wp","href":"https:\/\/api.w.org\/{rel}","templated":true}]}}