{"id":5785,"date":"2022-11-13T16:49:57","date_gmt":"2022-11-13T15:49:57","guid":{"rendered":"http:\/\/von-beluga.de\/?p=5785"},"modified":"2022-11-16T13:11:11","modified_gmt":"2022-11-16T12:11:11","slug":"internationale-ausstellung-2","status":"publish","type":"post","link":"https:\/\/von-beluga.de\/?p=5785","title":{"rendered":"Internationale Ausstellung"},"content":{"rendered":"\n<p>Am 13.11.22 war auf der Int.Ausstellung in Karlsruhe eine spezial Sonderschau f\u00fcr Deutsche Sch\u00e4ferhunde vom SV angeschlossen. Es richtete der SV-Richter Herr Harald Hohmann. Zu dieser Sonderschau habe ich nur Remember gemeldet, da sie noch eine SV Zuchtbewertung ben\u00f6tigt.<\/p>\n\n\n\n<ul class=\"wp-block-list\">\n<li><strong><em>Remember<\/em><\/strong> lief in der Zwischenklasse und erreichte ein  Vorz\u00fcglich1 und die Anw.VDH-Ch.<\/li>\n<\/ul>\n\n\n\n<p>Im Stechen mit den anderen Siegerh\u00fcndinnen der einzelnen Klassen gewann Remember dann noch als beste H\u00fcndin dieser Veranstaltung das Cacib und den Titel Siegerin Baden-W\u00fcrttemberg 2022. Danach musste sie noch gegen den besten R\u00fcden antreten und diesmal bekam dieser das BOB.<\/p>\n\n\n\n<p><\/p>\n\n\n<div class=\"wp-block-image is-style-default\">\n<figure class=\"aligncenter size-full\"><a href=\"https:\/\/von-beluga.de\/wp-content\/uploads\/2022\/11\/Sieger-Baden-2022-remember-001-1.jpg\"><img loading=\"lazy\" decoding=\"async\" width=\"558\" height=\"768\" src=\"https:\/\/von-beluga.de\/wp-content\/uploads\/2022\/11\/Sieger-Baden-2022-remember-001-1.jpg\" alt=\"\" class=\"wp-image-5794\" srcset=\"https:\/\/von-beluga.de\/wp-content\/uploads\/2022\/11\/Sieger-Baden-2022-remember-001-1.jpg 558w, https:\/\/von-beluga.de\/wp-content\/uploads\/2022\/11\/Sieger-Baden-2022-remember-001-1-218x300.jpg 218w\" sizes=\"auto, (max-width: 558px) 100vw, 558px\" \/><\/a><\/figure>\n<\/div>\n\n\n<figure class=\"wp-block-gallery has-nested-images columns-default is-cropped wp-block-gallery-1 is-layout-flex wp-block-gallery-is-layout-flex\">\n<figure class=\"wp-block-image size-large is-style-default\"><a href=\"https:\/\/von-beluga.de\/wp-content\/uploads\/2022\/11\/IMG-20221114-WA0001.jpg\"><img loading=\"lazy\" decoding=\"async\" width=\"437\" height=\"520\" data-id=\"5798\" src=\"https:\/\/von-beluga.de\/wp-content\/uploads\/2022\/11\/IMG-20221114-WA0001.jpg\" alt=\"\" class=\"wp-image-5798\" srcset=\"https:\/\/von-beluga.de\/wp-content\/uploads\/2022\/11\/IMG-20221114-WA0001.jpg 437w, https:\/\/von-beluga.de\/wp-content\/uploads\/2022\/11\/IMG-20221114-WA0001-252x300.jpg 252w\" sizes=\"auto, (max-width: 437px) 100vw, 437px\" \/><\/a><\/figure>\n\n\n\n<figure class=\"wp-block-image size-large is-style-default\"><a href=\"https:\/\/von-beluga.de\/wp-content\/uploads\/2022\/11\/IMG-20221114-WA0004.jpg\"><img loading=\"lazy\" decoding=\"async\" width=\"377\" height=\"671\" data-id=\"5797\" src=\"https:\/\/von-beluga.de\/wp-content\/uploads\/2022\/11\/IMG-20221114-WA0004.jpg\" alt=\"\" class=\"wp-image-5797\" srcset=\"https:\/\/von-beluga.de\/wp-content\/uploads\/2022\/11\/IMG-20221114-WA0004.jpg 377w, https:\/\/von-beluga.de\/wp-content\/uploads\/2022\/11\/IMG-20221114-WA0004-169x300.jpg 169w\" sizes=\"auto, (max-width: 377px) 100vw, 377px\" \/><\/a><\/figure>\n<\/figure>\n","protected":false},"excerpt":{"rendered":"<p>Am 13.11.22 war auf der Int.Ausstellung in Karlsruhe eine spezial Sonderschau f\u00fcr Deutsche Sch\u00e4ferhunde vom SV angeschlossen. Es richtete der SV-Richter Herr Harald Hohmann. Zu dieser Sonderschau habe ich nur Remember gemeldet, da sie noch eine SV Zuchtbewertung ben\u00f6tigt. Im &hellip; <a href=\"https:\/\/von-beluga.de\/?p=5785\">Weiterlesen <span class=\"meta-nav\">&rarr;<\/span><\/a><\/p>\n","protected":false},"author":1,"featured_media":0,"comment_status":"closed","ping_status":"closed","sticky":false,"template":"","format":"standard","meta":{"footnotes":""},"categories":[2],"tags":[],"class_list":["post-5785","post","type-post","status-publish","format-standard","hentry","category-ausstellungen"],"_links":{"self":[{"href":"https:\/\/von-beluga.de\/index.php?rest_route=\/wp\/v2\/posts\/5785","targetHints":{"allow":["GET"]}}],"collection":[{"href":"https:\/\/von-beluga.de\/index.php?rest_route=\/wp\/v2\/posts"}],"about":[{"href":"https:\/\/von-beluga.de\/index.php?rest_route=\/wp\/v2\/types\/post"}],"author":[{"embeddable":true,"href":"https:\/\/von-beluga.de\/index.php?rest_route=\/wp\/v2\/users\/1"}],"replies":[{"embeddable":true,"href":"https:\/\/von-beluga.de\/index.php?rest_route=%2Fwp%2Fv2%2Fcomments&post=5785"}],"version-history":[{"count":5,"href":"https:\/\/von-beluga.de\/index.php?rest_route=\/wp\/v2\/posts\/5785\/revisions"}],"predecessor-version":[{"id":5842,"href":"https:\/\/von-beluga.de\/index.php?rest_route=\/wp\/v2\/posts\/5785\/revisions\/5842"}],"wp:attachment":[{"href":"https:\/\/von-beluga.de\/index.php?rest_route=%2Fwp%2Fv2%2Fmedia&parent=5785"}],"wp:term":[{"taxonomy":"category","embeddable":true,"href":"https:\/\/von-beluga.de\/index.php?rest_route=%2Fwp%2Fv2%2Fcategories&post=5785"},{"taxonomy":"post_tag","embeddable":true,"href":"https:\/\/von-beluga.de\/index.php?rest_route=%2Fwp%2Fv2%2Ftags&post=5785"}],"curies":[{"name":"wp","href":"https:\/\/api.w.org\/{rel}","templated":true}]}}