{"id":5864,"date":"2022-11-30T19:10:09","date_gmt":"2022-11-30T18:10:09","guid":{"rendered":"http:\/\/von-beluga.de\/?p=5864"},"modified":"2022-11-30T19:39:58","modified_gmt":"2022-11-30T18:39:58","slug":"las-palmas-ist-tragend-2","status":"publish","type":"post","link":"https:\/\/von-beluga.de\/?p=5864","title":{"rendered":"Las Palmas ist tragend !!!"},"content":{"rendered":"\n<p>Nach einem Ultraschall ist nun klar, mein M\u00e4del ist tr\u00e4chtig. Unser &#8220; U &#8220; &#8211; Wurf m\u00fcsste dann Anfang Januar zur Welt kommen. Wir freuen uns schon sehr auf neues Leben im Haus.<\/p>\n\n\n\n<figure class=\"wp-block-gallery has-nested-images columns-default is-cropped wp-block-gallery-1 is-layout-flex wp-block-gallery-is-layout-flex\">\n<figure class=\"wp-block-image size-large is-style-default\"><a href=\"https:\/\/von-beluga.de\/wp-content\/uploads\/2022\/11\/DSC9286-1_InPixio-2.jpg\"><img loading=\"lazy\" decoding=\"async\" width=\"1024\" height=\"684\" data-id=\"5868\" src=\"https:\/\/von-beluga.de\/wp-content\/uploads\/2022\/11\/DSC9286-1_InPixio-2-1024x684.jpg\" alt=\"\" class=\"wp-image-5868\" srcset=\"https:\/\/von-beluga.de\/wp-content\/uploads\/2022\/11\/DSC9286-1_InPixio-2-1024x684.jpg 1024w, https:\/\/von-beluga.de\/wp-content\/uploads\/2022\/11\/DSC9286-1_InPixio-2-300x200.jpg 300w, https:\/\/von-beluga.de\/wp-content\/uploads\/2022\/11\/DSC9286-1_InPixio-2-768x513.jpg 768w, https:\/\/von-beluga.de\/wp-content\/uploads\/2022\/11\/DSC9286-1_InPixio-2-449x300.jpg 449w, https:\/\/von-beluga.de\/wp-content\/uploads\/2022\/11\/DSC9286-1_InPixio-2.jpg 1396w\" sizes=\"auto, (max-width: 1024px) 100vw, 1024px\" \/><\/a><\/figure>\n<\/figure>\n\n\n\n<figure class=\"wp-block-gallery has-nested-images columns-default is-cropped wp-block-gallery-2 is-layout-flex wp-block-gallery-is-layout-flex\">\n<figure class=\"wp-block-image size-large is-style-default\"><a href=\"https:\/\/von-beluga.de\/wp-content\/uploads\/2022\/10\/Jim-messina-stand2.jpg\"><img loading=\"lazy\" decoding=\"async\" width=\"811\" height=\"540\" data-id=\"5655\" src=\"https:\/\/von-beluga.de\/wp-content\/uploads\/2022\/10\/Jim-messina-stand2.jpg\" alt=\"\" class=\"wp-image-5655\" srcset=\"https:\/\/von-beluga.de\/wp-content\/uploads\/2022\/10\/Jim-messina-stand2.jpg 811w, https:\/\/von-beluga.de\/wp-content\/uploads\/2022\/10\/Jim-messina-stand2-300x200.jpg 300w, https:\/\/von-beluga.de\/wp-content\/uploads\/2022\/10\/Jim-messina-stand2-768x511.jpg 768w, https:\/\/von-beluga.de\/wp-content\/uploads\/2022\/10\/Jim-messina-stand2-451x300.jpg 451w\" sizes=\"auto, (max-width: 811px) 100vw, 811px\" \/><\/a><figcaption class=\"wp-element-caption\">zuk\u00fcnftiger Papa&#8230;&#8230;<\/figcaption><\/figure>\n<\/figure>\n\n\n","protected":false},"excerpt":{"rendered":"<p>Nach einem Ultraschall ist nun klar, mein M\u00e4del ist tr\u00e4chtig. Unser &#8220; U &#8220; &#8211; Wurf m\u00fcsste dann Anfang Januar zur Welt kommen. Wir freuen uns schon sehr auf neues Leben im Haus.<\/p>\n","protected":false},"author":1,"featured_media":0,"comment_status":"closed","ping_status":"closed","sticky":false,"template":"","format":"standard","meta":{"footnotes":""},"categories":[6],"tags":[],"class_list":["post-5864","post","type-post","status-publish","format-standard","hentry","category-wurfplanung"],"_links":{"self":[{"href":"https:\/\/von-beluga.de\/index.php?rest_route=\/wp\/v2\/posts\/5864","targetHints":{"allow":["GET"]}}],"collection":[{"href":"https:\/\/von-beluga.de\/index.php?rest_route=\/wp\/v2\/posts"}],"about":[{"href":"https:\/\/von-beluga.de\/index.php?rest_route=\/wp\/v2\/types\/post"}],"author":[{"embeddable":true,"href":"https:\/\/von-beluga.de\/index.php?rest_route=\/wp\/v2\/users\/1"}],"replies":[{"embeddable":true,"href":"https:\/\/von-beluga.de\/index.php?rest_route=%2Fwp%2Fv2%2Fcomments&post=5864"}],"version-history":[{"count":3,"href":"https:\/\/von-beluga.de\/index.php?rest_route=\/wp\/v2\/posts\/5864\/revisions"}],"predecessor-version":[{"id":5869,"href":"https:\/\/von-beluga.de\/index.php?rest_route=\/wp\/v2\/posts\/5864\/revisions\/5869"}],"wp:attachment":[{"href":"https:\/\/von-beluga.de\/index.php?rest_route=%2Fwp%2Fv2%2Fmedia&parent=5864"}],"wp:term":[{"taxonomy":"category","embeddable":true,"href":"https:\/\/von-beluga.de\/index.php?rest_route=%2Fwp%2Fv2%2Fcategories&post=5864"},{"taxonomy":"post_tag","embeddable":true,"href":"https:\/\/von-beluga.de\/index.php?rest_route=%2Fwp%2Fv2%2Ftags&post=5864"}],"curies":[{"name":"wp","href":"https:\/\/api.w.org\/{rel}","templated":true}]}}