{"id":64,"date":"2014-05-12T13:04:34","date_gmt":"2014-05-12T13:04:34","guid":{"rendered":"http:\/\/von-beluga.de\/?p=64"},"modified":"2015-04-14T08:50:13","modified_gmt":"2015-04-14T08:50:13","slug":"10-11-05-2014-intern-hundeausstellung-animalia-st-gallen-schweiz","status":"publish","type":"post","link":"https:\/\/von-beluga.de\/?p=64","title":{"rendered":"10. \u2013 11.05.2014 Intern. Hundeausstellung Animalia, St. Gallen (Schweiz)"},"content":{"rendered":"<p style=\"padding-left: 30px;\"><a href=\"https:\/\/von-beluga.de\/wp-content\/uploads\/2014\/06\/hope-st-gallen.jpg\"><img loading=\"lazy\" decoding=\"async\" class=\"alignnone size-medium wp-image-68\" src=\"https:\/\/von-beluga.de\/wp-content\/uploads\/2014\/06\/hope-st-gallen-300x195.jpg\" alt=\"hope-st-gallen\" width=\"300\" height=\"195\" \/><\/a><a href=\"https:\/\/von-beluga.de\/wp-content\/uploads\/2015\/04\/st-gallen-2.jpg\"><img loading=\"lazy\" decoding=\"async\" class=\"alignright wp-image-179 size-medium\" src=\"https:\/\/von-beluga.de\/wp-content\/uploads\/2015\/04\/st-gallen-2-179x300.jpg\" alt=\"st-gallen-2\" width=\"179\" height=\"300\" srcset=\"https:\/\/von-beluga.de\/wp-content\/uploads\/2015\/04\/st-gallen-2-179x300.jpg 179w, https:\/\/von-beluga.de\/wp-content\/uploads\/2015\/04\/st-gallen-2.jpg 261w\" sizes=\"auto, (max-width: 179px) 100vw, 179px\" \/><\/a><\/p>\n<p style=\"padding-left: 30px;\">Wir sind am 09.Mai zu einer gro\u00dfen CACIB Schau in die Schweiz aufgebrochen um etwas Spa\u00df und Abwechslung zu haben.<br \/>\nAu\u00dferdem wollten wir versuchen noch die n\u00f6tigen Anwartschaften f\u00fcr unsere zwei \u201eGro\u00dfen\u201c zu bekommen.<br \/>\nDie Fahrt war angenehm, die Unterkunft toll (wunderbare Aussicht, f\u00fcr die Vierbeiner freie Natur) und dann erst das Essen, einsame Spitze !!!<br \/>\nBesonders aufgefallen ist uns die absolute Freundlichkeit und ausgeglichene Art der Schweizer.<br \/>\nWir wurden \u00fcberall freundlich aufgenommen und waren immer sofort mittendrin.<!--more--><\/p>\n<h1>10. Mai 2014\u00a0 (Tag 1) Intern. Hundeausstellung Animalia,\u00a0St.Gallen (Schweiz)<\/h1>\n<p><em><strong>Hope<br \/>\n<\/strong><\/em>Welpenklasse: VV1, Welpensieger\u00a0\u00a0 R: Tomas Rohlin (DK)<\/p>\n<p><em><strong>Dubai<br \/>\n<\/strong><\/em>Offene Klasse: V1, CAC,CACIB, BOS\u00a0\u00a0\u00a0 R: Tomas Rohlin (DK)<\/p>\n<p><em><strong>Xamira<br \/>\n<\/strong><\/em>Champion Klasse:\u00a0 ohne Bewertung , da Xami sich anscheinend vertreten hat und daher leider etwas lahmt.<\/p>\n<h1>11. Mai 2014 (Tag 2) Intern. Hundeausstellung Animalia,\u00a0St.Gallen (Schweiz)<\/h1>\n<p><em><strong>Hope<br \/>\n<\/strong><\/em>Welpenklasse:VV1, Welpensieger\u00a0\u00a0 R: Hans Ulrich H\u00e4berli\u00a0 (CH)<\/p>\n<p><em><strong>Dubai<br \/>\n<\/strong><\/em>Offene Klasse:\u00a0\u00a0 V1, CAC,CACIB, BOB\u00a0\u00a0\u00a0 R: Hans Ulrich H\u00e4berli\u00a0 (CH)<\/p>\n<p><em><strong>Xamira <\/strong><\/em>\u00a0haben wir wegen ihrer Lahmheit nicht vorgestellt. Schade!<\/p>\n<p><em><strong>Hope\u00a0 <\/strong><\/em>\u00a0durfte dann im Ehrenring (Welpensieger aller Rassen) unter dem Ungarischen Richter Lazlo Erd\u00f6s mit aufs Treppchen.<br \/>\nSie wurde als <strong>3.<\/strong>bester Welpe unter allen Rassen geehrt. Bin sehr stolz auf die kleine Maus und herzlichen Dank an den Richter!<\/p>\n<p>Die Schweiz war eine Reise wert und wir kommen immer wieder gerne !<\/p>\n","protected":false},"excerpt":{"rendered":"<p>Wir sind am 09.Mai zu einer gro\u00dfen CACIB Schau in die Schweiz aufgebrochen um etwas Spa\u00df und Abwechslung zu haben. Au\u00dferdem wollten wir versuchen noch die n\u00f6tigen Anwartschaften f\u00fcr unsere zwei \u201eGro\u00dfen\u201c zu bekommen. Die Fahrt war angenehm, die Unterkunft &hellip; <a href=\"https:\/\/von-beluga.de\/?p=64\">Weiterlesen <span class=\"meta-nav\">&rarr;<\/span><\/a><\/p>\n","protected":false},"author":1,"featured_media":0,"comment_status":"closed","ping_status":"closed","sticky":false,"template":"","format":"standard","meta":{"footnotes":""},"categories":[2],"tags":[],"class_list":["post-64","post","type-post","status-publish","format-standard","hentry","category-ausstellungen"],"_links":{"self":[{"href":"https:\/\/von-beluga.de\/index.php?rest_route=\/wp\/v2\/posts\/64","targetHints":{"allow":["GET"]}}],"collection":[{"href":"https:\/\/von-beluga.de\/index.php?rest_route=\/wp\/v2\/posts"}],"about":[{"href":"https:\/\/von-beluga.de\/index.php?rest_route=\/wp\/v2\/types\/post"}],"author":[{"embeddable":true,"href":"https:\/\/von-beluga.de\/index.php?rest_route=\/wp\/v2\/users\/1"}],"replies":[{"embeddable":true,"href":"https:\/\/von-beluga.de\/index.php?rest_route=%2Fwp%2Fv2%2Fcomments&post=64"}],"version-history":[{"count":4,"href":"https:\/\/von-beluga.de\/index.php?rest_route=\/wp\/v2\/posts\/64\/revisions"}],"predecessor-version":[{"id":2120,"href":"https:\/\/von-beluga.de\/index.php?rest_route=\/wp\/v2\/posts\/64\/revisions\/2120"}],"wp:attachment":[{"href":"https:\/\/von-beluga.de\/index.php?rest_route=%2Fwp%2Fv2%2Fmedia&parent=64"}],"wp:term":[{"taxonomy":"category","embeddable":true,"href":"https:\/\/von-beluga.de\/index.php?rest_route=%2Fwp%2Fv2%2Fcategories&post=64"},{"taxonomy":"post_tag","embeddable":true,"href":"https:\/\/von-beluga.de\/index.php?rest_route=%2Fwp%2Fv2%2Ftags&post=64"}],"curies":[{"name":"wp","href":"https:\/\/api.w.org\/{rel}","templated":true}]}}