{"id":704,"date":"2015-09-27T11:50:50","date_gmt":"2015-09-27T09:50:50","guid":{"rendered":"http:\/\/von-beluga.de\/?p=704"},"modified":"2017-09-09T09:16:33","modified_gmt":"2017-09-09T07:16:33","slug":"july-von-beluga","status":"publish","type":"post","link":"https:\/\/von-beluga.de\/?p=704","title":{"rendered":"July von Beluga"},"content":{"rendered":"<p>Heute ist die H\u00fcndin <em><strong><span style=\"color: #0000ff;\">July<\/span> <\/strong><\/em>von Susanne Rubbel nach fast 13 Jahren gemeinsamen Weges \u00fcber die Regenbogenbr\u00fccke gegangen. <\/p>\n","protected":false},"excerpt":{"rendered":"<p>Heute ist die H\u00fcndin July von Susanne Rubbel nach fast 13 Jahren gemeinsamen Weges \u00fcber die Regenbogenbr\u00fccke gegangen.<\/p>\n","protected":false},"author":1,"featured_media":0,"comment_status":"closed","ping_status":"closed","sticky":false,"template":"","format":"standard","meta":{"footnotes":""},"categories":[9],"tags":[],"class_list":["post-704","post","type-post","status-publish","format-standard","hentry","category-nachruf"],"_links":{"self":[{"href":"https:\/\/von-beluga.de\/index.php?rest_route=\/wp\/v2\/posts\/704","targetHints":{"allow":["GET"]}}],"collection":[{"href":"https:\/\/von-beluga.de\/index.php?rest_route=\/wp\/v2\/posts"}],"about":[{"href":"https:\/\/von-beluga.de\/index.php?rest_route=\/wp\/v2\/types\/post"}],"author":[{"embeddable":true,"href":"https:\/\/von-beluga.de\/index.php?rest_route=\/wp\/v2\/users\/1"}],"replies":[{"embeddable":true,"href":"https:\/\/von-beluga.de\/index.php?rest_route=%2Fwp%2Fv2%2Fcomments&post=704"}],"version-history":[{"count":3,"href":"https:\/\/von-beluga.de\/index.php?rest_route=\/wp\/v2\/posts\/704\/revisions"}],"predecessor-version":[{"id":2056,"href":"https:\/\/von-beluga.de\/index.php?rest_route=\/wp\/v2\/posts\/704\/revisions\/2056"}],"wp:attachment":[{"href":"https:\/\/von-beluga.de\/index.php?rest_route=%2Fwp%2Fv2%2Fmedia&parent=704"}],"wp:term":[{"taxonomy":"category","embeddable":true,"href":"https:\/\/von-beluga.de\/index.php?rest_route=%2Fwp%2Fv2%2Fcategories&post=704"},{"taxonomy":"post_tag","embeddable":true,"href":"https:\/\/von-beluga.de\/index.php?rest_route=%2Fwp%2Fv2%2Ftags&post=704"}],"curies":[{"name":"wp","href":"https:\/\/api.w.org\/{rel}","templated":true}]}}