{"id":7905,"date":"2025-07-27T17:28:03","date_gmt":"2025-07-27T15:28:03","guid":{"rendered":"https:\/\/von-beluga.de\/?p=7905"},"modified":"2025-08-02T12:49:26","modified_gmt":"2025-08-02T10:49:26","slug":"remember-ist-belegt","status":"publish","type":"post","link":"https:\/\/von-beluga.de\/?p=7905","title":{"rendered":"Remember ist belegt&#8230;.."},"content":{"rendered":"\n<p>Heute wurde <strong><em>Remember<\/em><\/strong> von dem Sp.- R\u00fcden <strong><em>Lando von der K\u00f6nigsgarde<\/em><\/strong> belegt. Lando ist sehr lauffreudig, mit freundlichem ausgeglichenem Wesen und sehr guten Triebanlagen. Lando ist gek\u00f6rt, hat die IGP 3 abgelegt und wurde auf der Bundessiegerzuchtschau in N\u00fcrnberg mit Vorz\u00fcglich 41 bewertet. <\/p>\n\n\n\n<figure class=\"wp-block-gallery has-nested-images columns-default is-cropped wp-block-gallery-1 is-layout-flex wp-block-gallery-is-layout-flex\">\n<figure class=\"wp-block-image size-full\"><a href=\"https:\/\/von-beluga.de\/wp-content\/uploads\/2025\/07\/Lando-20250731-WA0002-2.jpg\"><img loading=\"lazy\" decoding=\"async\" width=\"717\" height=\"478\" data-id=\"7938\" src=\"https:\/\/von-beluga.de\/wp-content\/uploads\/2025\/07\/Lando-20250731-WA0002-2.jpg\" alt=\"\" class=\"wp-image-7938\" srcset=\"https:\/\/von-beluga.de\/wp-content\/uploads\/2025\/07\/Lando-20250731-WA0002-2.jpg 717w, https:\/\/von-beluga.de\/wp-content\/uploads\/2025\/07\/Lando-20250731-WA0002-2-300x200.jpg 300w, https:\/\/von-beluga.de\/wp-content\/uploads\/2025\/07\/Lando-20250731-WA0002-2-450x300.jpg 450w\" sizes=\"auto, (max-width: 717px) 100vw, 717px\" \/><\/a><\/figure>\n<\/figure>\n\n\n\n<figure class=\"wp-block-image size-full\"><a href=\"https:\/\/von-beluga.de\/wp-content\/uploads\/2025\/07\/PO_1347-cpo_web1600.jpg\"><img loading=\"lazy\" decoding=\"async\" width=\"1024\" height=\"683\" src=\"https:\/\/von-beluga.de\/wp-content\/uploads\/2025\/07\/PO_1347-cpo_web1600.jpg\" alt=\"\" class=\"wp-image-7933\" srcset=\"https:\/\/von-beluga.de\/wp-content\/uploads\/2025\/07\/PO_1347-cpo_web1600.jpg 1024w, https:\/\/von-beluga.de\/wp-content\/uploads\/2025\/07\/PO_1347-cpo_web1600-300x200.jpg 300w, https:\/\/von-beluga.de\/wp-content\/uploads\/2025\/07\/PO_1347-cpo_web1600-768x512.jpg 768w, https:\/\/von-beluga.de\/wp-content\/uploads\/2025\/07\/PO_1347-cpo_web1600-450x300.jpg 450w\" sizes=\"auto, (max-width: 1024px) 100vw, 1024px\" \/><\/a><\/figure>\n\n\n\n<p>Alle weiteren ausf\u00fchrlichen Angaben zu Remember unter der Rubrik H\u00fcndinnen : <em><strong>Remember von Beluga<\/strong><\/em><\/p>\n\n\n\n<p class=\"has-medium-font-size\"><em>Wenn alles geklappt hat und Remember tr\u00e4chtig ist, d\u00fcrfen wir  Ende September den Nachwuchs begr\u00fc\u00dfen. Dann gibt es keine ruhigen Minuten mehr und die Zwerge werden uns in Atem halten&#8230;&#8230;          Wir freuen uns auf das neue Abenteuer !!!<\/em><\/p>\n\n\n\n<p><\/p>\n","protected":false},"excerpt":{"rendered":"<p>Heute wurde Remember von dem Sp.- R\u00fcden Lando von der K\u00f6nigsgarde belegt. Lando ist sehr lauffreudig, mit freundlichem ausgeglichenem Wesen und sehr guten Triebanlagen. Lando ist gek\u00f6rt, hat die IGP 3 abgelegt und wurde auf der Bundessiegerzuchtschau in N\u00fcrnberg mit &hellip; <a href=\"https:\/\/von-beluga.de\/?p=7905\">Weiterlesen <span class=\"meta-nav\">&rarr;<\/span><\/a><\/p>\n","protected":false},"author":1,"featured_media":0,"comment_status":"closed","ping_status":"closed","sticky":false,"template":"","format":"standard","meta":{"footnotes":""},"categories":[6],"tags":[],"class_list":["post-7905","post","type-post","status-publish","format-standard","hentry","category-wurfplanung"],"_links":{"self":[{"href":"https:\/\/von-beluga.de\/index.php?rest_route=\/wp\/v2\/posts\/7905","targetHints":{"allow":["GET"]}}],"collection":[{"href":"https:\/\/von-beluga.de\/index.php?rest_route=\/wp\/v2\/posts"}],"about":[{"href":"https:\/\/von-beluga.de\/index.php?rest_route=\/wp\/v2\/types\/post"}],"author":[{"embeddable":true,"href":"https:\/\/von-beluga.de\/index.php?rest_route=\/wp\/v2\/users\/1"}],"replies":[{"embeddable":true,"href":"https:\/\/von-beluga.de\/index.php?rest_route=%2Fwp%2Fv2%2Fcomments&post=7905"}],"version-history":[{"count":11,"href":"https:\/\/von-beluga.de\/index.php?rest_route=\/wp\/v2\/posts\/7905\/revisions"}],"predecessor-version":[{"id":7946,"href":"https:\/\/von-beluga.de\/index.php?rest_route=\/wp\/v2\/posts\/7905\/revisions\/7946"}],"wp:attachment":[{"href":"https:\/\/von-beluga.de\/index.php?rest_route=%2Fwp%2Fv2%2Fmedia&parent=7905"}],"wp:term":[{"taxonomy":"category","embeddable":true,"href":"https:\/\/von-beluga.de\/index.php?rest_route=%2Fwp%2Fv2%2Fcategories&post=7905"},{"taxonomy":"post_tag","embeddable":true,"href":"https:\/\/von-beluga.de\/index.php?rest_route=%2Fwp%2Fv2%2Ftags&post=7905"}],"curies":[{"name":"wp","href":"https:\/\/api.w.org\/{rel}","templated":true}]}}