{"id":8044,"date":"2025-09-28T18:46:54","date_gmt":"2025-09-28T16:46:54","guid":{"rendered":"https:\/\/von-beluga.de\/?p=8044"},"modified":"2025-10-03T15:33:11","modified_gmt":"2025-10-03T13:33:11","slug":"unser-y-wurf","status":"publish","type":"post","link":"https:\/\/von-beluga.de\/?p=8044","title":{"rendered":"Unser Y &#8211; Wurf &#8230;."},"content":{"rendered":"\n<p>&#8230;.. hat am 28.09.2025 das Licht der Welt erblickt. Leider konnte <strong><em>Remember<\/em><\/strong> nur 2 Zwergen, entgegen der Angaben des Tierarztes, das Leben schenken. Beide Welpen, 1 R\u00fcde &amp; 1 H\u00fcndin, sind munter und aktiv. Remember hat alles einwandfrei gemacht und die Geburt gut \u00fcberstanden. Wir sind sehr stolz auf unser M\u00e4del.<\/p>\n\n\n\n<figure class=\"wp-block-gallery has-nested-images columns-default is-cropped wp-block-gallery-1 is-layout-flex wp-block-gallery-is-layout-flex\">\n<figure class=\"wp-block-image size-large\"><a href=\"https:\/\/von-beluga.de\/wp-content\/uploads\/2025\/09\/y1.jpg\"><img loading=\"lazy\" decoding=\"async\" width=\"576\" height=\"768\" data-id=\"8047\" src=\"https:\/\/von-beluga.de\/wp-content\/uploads\/2025\/09\/y1.jpg\" alt=\"\" class=\"wp-image-8047\" srcset=\"https:\/\/von-beluga.de\/wp-content\/uploads\/2025\/09\/y1.jpg 576w, https:\/\/von-beluga.de\/wp-content\/uploads\/2025\/09\/y1-225x300.jpg 225w\" sizes=\"auto, (max-width: 576px) 100vw, 576px\" \/><\/a><\/figure>\n\n\n\n<figure class=\"wp-block-image size-large\"><a href=\"https:\/\/von-beluga.de\/wp-content\/uploads\/2025\/09\/y2.jpg\"><img loading=\"lazy\" decoding=\"async\" width=\"432\" height=\"768\" data-id=\"8048\" src=\"https:\/\/von-beluga.de\/wp-content\/uploads\/2025\/09\/y2.jpg\" alt=\"\" class=\"wp-image-8048\" srcset=\"https:\/\/von-beluga.de\/wp-content\/uploads\/2025\/09\/y2.jpg 432w, https:\/\/von-beluga.de\/wp-content\/uploads\/2025\/09\/y2-169x300.jpg 169w\" sizes=\"auto, (max-width: 432px) 100vw, 432px\" \/><\/a><\/figure>\n\n\n\n<figure class=\"wp-block-image size-large\"><a href=\"https:\/\/von-beluga.de\/wp-content\/uploads\/2025\/09\/y3.jpg\"><img loading=\"lazy\" decoding=\"async\" width=\"432\" height=\"768\" data-id=\"8046\" src=\"https:\/\/von-beluga.de\/wp-content\/uploads\/2025\/09\/y3.jpg\" alt=\"\" class=\"wp-image-8046\" srcset=\"https:\/\/von-beluga.de\/wp-content\/uploads\/2025\/09\/y3.jpg 432w, https:\/\/von-beluga.de\/wp-content\/uploads\/2025\/09\/y3-169x300.jpg 169w\" sizes=\"auto, (max-width: 432px) 100vw, 432px\" \/><\/a><\/figure>\n<\/figure>\n","protected":false},"excerpt":{"rendered":"<p>&#8230;.. hat am 28.09.2025 das Licht der Welt erblickt. Leider konnte Remember nur 2 Zwergen, entgegen der Angaben des Tierarztes, das Leben schenken. Beide Welpen, 1 R\u00fcde &amp; 1 H\u00fcndin, sind munter und aktiv. Remember hat alles einwandfrei gemacht und &hellip; <a href=\"https:\/\/von-beluga.de\/?p=8044\">Weiterlesen <span class=\"meta-nav\">&rarr;<\/span><\/a><\/p>\n","protected":false},"author":1,"featured_media":0,"comment_status":"closed","ping_status":"closed","sticky":false,"template":"","format":"standard","meta":{"footnotes":""},"categories":[11],"tags":[],"class_list":["post-8044","post","type-post","status-publish","format-standard","hentry","category-wuerfe"],"_links":{"self":[{"href":"https:\/\/von-beluga.de\/index.php?rest_route=\/wp\/v2\/posts\/8044","targetHints":{"allow":["GET"]}}],"collection":[{"href":"https:\/\/von-beluga.de\/index.php?rest_route=\/wp\/v2\/posts"}],"about":[{"href":"https:\/\/von-beluga.de\/index.php?rest_route=\/wp\/v2\/types\/post"}],"author":[{"embeddable":true,"href":"https:\/\/von-beluga.de\/index.php?rest_route=\/wp\/v2\/users\/1"}],"replies":[{"embeddable":true,"href":"https:\/\/von-beluga.de\/index.php?rest_route=%2Fwp%2Fv2%2Fcomments&post=8044"}],"version-history":[{"count":3,"href":"https:\/\/von-beluga.de\/index.php?rest_route=\/wp\/v2\/posts\/8044\/revisions"}],"predecessor-version":[{"id":8072,"href":"https:\/\/von-beluga.de\/index.php?rest_route=\/wp\/v2\/posts\/8044\/revisions\/8072"}],"wp:attachment":[{"href":"https:\/\/von-beluga.de\/index.php?rest_route=%2Fwp%2Fv2%2Fmedia&parent=8044"}],"wp:term":[{"taxonomy":"category","embeddable":true,"href":"https:\/\/von-beluga.de\/index.php?rest_route=%2Fwp%2Fv2%2Fcategories&post=8044"},{"taxonomy":"post_tag","embeddable":true,"href":"https:\/\/von-beluga.de\/index.php?rest_route=%2Fwp%2Fv2%2Ftags&post=8044"}],"curies":[{"name":"wp","href":"https:\/\/api.w.org\/{rel}","templated":true}]}}