{"id":8494,"date":"2026-03-15T17:02:11","date_gmt":"2026-03-15T16:02:11","guid":{"rendered":"https:\/\/von-beluga.de\/?p=8494"},"modified":"2026-03-15T17:02:57","modified_gmt":"2026-03-15T16:02:57","slug":"cacib-schau-in-offenburg","status":"publish","type":"post","link":"https:\/\/von-beluga.de\/?p=8494","title":{"rendered":"CACIB Schau in Offenburg"},"content":{"rendered":"\n<p>Am 15.03.2026 starteten Barbara und ich mit <strong><em>Umbria<\/em><\/strong> zur internationalen Rassehundeausstellung nach Offenburg. Leider konnte J\u00fcrgen, der Besitzer von unserem M\u00e4del, aufgrund seiner Erkrankung nicht mit dabei sein.<\/p>\n\n\n\n<figure class=\"wp-block-image size-full\"><a href=\"https:\/\/von-beluga.de\/wp-content\/uploads\/2026\/03\/322581940_716510166717036_1761646752127558666_n.jpg\"><img loading=\"lazy\" decoding=\"async\" width=\"1024\" height=\"428\" src=\"https:\/\/von-beluga.de\/wp-content\/uploads\/2026\/03\/322581940_716510166717036_1761646752127558666_n.jpg\" alt=\"\" class=\"wp-image-8495\" srcset=\"https:\/\/von-beluga.de\/wp-content\/uploads\/2026\/03\/322581940_716510166717036_1761646752127558666_n.jpg 1024w, https:\/\/von-beluga.de\/wp-content\/uploads\/2026\/03\/322581940_716510166717036_1761646752127558666_n-300x125.jpg 300w, https:\/\/von-beluga.de\/wp-content\/uploads\/2026\/03\/322581940_716510166717036_1761646752127558666_n-768x321.jpg 768w, https:\/\/von-beluga.de\/wp-content\/uploads\/2026\/03\/322581940_716510166717036_1761646752127558666_n-500x209.jpg 500w\" sizes=\"auto, (max-width: 1024px) 100vw, 1024px\" \/><\/a><\/figure>\n\n\n\n<p>Gemeldet waren zur Sonderschau vom Verein f\u00fcr Deutsche Sch\u00e4ferhunde 26 Hunde in unterschiedlichen Klassen. Gerichtet wurden sie von SV-Richter Robert Lang.<\/p>\n\n\n\n<p>Umbria war in der GHKL gemeldet und hat die Bewertung <em>Vorz\u00fcglich 1 <\/em>erreicht. Au\u00dferdem wurde sie <em>Sieger Ortenau, Best of Breed<\/em> (BOB) und hat alle Anwartschaften (VDH\/FCI) bekommen.<\/p>\n\n\n\n<figure class=\"wp-block-gallery has-nested-images columns-default is-cropped wp-block-gallery-1 is-layout-flex wp-block-gallery-is-layout-flex\">\n<figure class=\"wp-block-image size-large is-style-rounded\"><a href=\"https:\/\/von-beluga.de\/wp-content\/uploads\/2026\/03\/1000037596.jpg\"><img loading=\"lazy\" decoding=\"async\" width=\"900\" height=\"706\" data-id=\"8509\" src=\"https:\/\/von-beluga.de\/wp-content\/uploads\/2026\/03\/1000037596.jpg\" alt=\"\" class=\"wp-image-8509\" srcset=\"https:\/\/von-beluga.de\/wp-content\/uploads\/2026\/03\/1000037596.jpg 900w, https:\/\/von-beluga.de\/wp-content\/uploads\/2026\/03\/1000037596-300x235.jpg 300w, https:\/\/von-beluga.de\/wp-content\/uploads\/2026\/03\/1000037596-768x602.jpg 768w, https:\/\/von-beluga.de\/wp-content\/uploads\/2026\/03\/1000037596-382x300.jpg 382w\" sizes=\"auto, (max-width: 900px) 100vw, 900px\" \/><\/a><figcaption class=\"wp-element-caption\">Die beiden Erstplatzierten der Gebrauchshundeklasse mit Richter Robert Lang<\/figcaption><\/figure>\n<\/figure>\n\n\n\n<figure class=\"wp-block-gallery has-nested-images columns-default is-cropped wp-block-gallery-2 is-layout-flex wp-block-gallery-is-layout-flex\">\n<figure class=\"wp-block-image size-large\"><a href=\"https:\/\/von-beluga.de\/wp-content\/uploads\/2026\/03\/1000037584.jpg\"><img loading=\"lazy\" decoding=\"async\" width=\"788\" height=\"925\" data-id=\"8506\" src=\"https:\/\/von-beluga.de\/wp-content\/uploads\/2026\/03\/1000037584.jpg\" alt=\"\" class=\"wp-image-8506\" srcset=\"https:\/\/von-beluga.de\/wp-content\/uploads\/2026\/03\/1000037584.jpg 788w, https:\/\/von-beluga.de\/wp-content\/uploads\/2026\/03\/1000037584-256x300.jpg 256w, https:\/\/von-beluga.de\/wp-content\/uploads\/2026\/03\/1000037584-768x902.jpg 768w\" sizes=\"auto, (max-width: 788px) 100vw, 788px\" \/><\/a><figcaption class=\"wp-element-caption\">Warten auf den Einsatz<\/figcaption><\/figure>\n\n\n\n<figure class=\"wp-block-image size-large\"><a href=\"https:\/\/von-beluga.de\/wp-content\/uploads\/2026\/03\/IMG-20260315-WA0014.jpg\"><img loading=\"lazy\" decoding=\"async\" width=\"884\" height=\"1024\" data-id=\"8510\" src=\"https:\/\/von-beluga.de\/wp-content\/uploads\/2026\/03\/IMG-20260315-WA0014-884x1024.jpg\" alt=\"\" class=\"wp-image-8510\" srcset=\"https:\/\/von-beluga.de\/wp-content\/uploads\/2026\/03\/IMG-20260315-WA0014-884x1024.jpg 884w, https:\/\/von-beluga.de\/wp-content\/uploads\/2026\/03\/IMG-20260315-WA0014-259x300.jpg 259w, https:\/\/von-beluga.de\/wp-content\/uploads\/2026\/03\/IMG-20260315-WA0014-768x890.jpg 768w, https:\/\/von-beluga.de\/wp-content\/uploads\/2026\/03\/IMG-20260315-WA0014.jpg 900w\" sizes=\"auto, (max-width: 884px) 100vw, 884px\" \/><\/a><figcaption class=\"wp-element-caption\">Gr\u00f6\u00dfe messen<\/figcaption><\/figure>\n<\/figure>\n\n\n\n<figure class=\"wp-block-gallery has-nested-images columns-default is-cropped wp-block-gallery-3 is-layout-flex wp-block-gallery-is-layout-flex\">\n<figure class=\"wp-block-image size-large\"><a href=\"https:\/\/von-beluga.de\/wp-content\/uploads\/2026\/03\/1000037590.jpg\"><img loading=\"lazy\" decoding=\"async\" width=\"768\" height=\"1024\" data-id=\"8507\" src=\"https:\/\/von-beluga.de\/wp-content\/uploads\/2026\/03\/1000037590-768x1024.jpg\" alt=\"\" class=\"wp-image-8507\" srcset=\"https:\/\/von-beluga.de\/wp-content\/uploads\/2026\/03\/1000037590-768x1025.jpg 768w, https:\/\/von-beluga.de\/wp-content\/uploads\/2026\/03\/1000037590-225x300.jpg 225w, https:\/\/von-beluga.de\/wp-content\/uploads\/2026\/03\/1000037590.jpg 829w\" sizes=\"auto, (max-width: 768px) 100vw, 768px\" \/><\/a><figcaption class=\"wp-element-caption\">Standmusterung<\/figcaption><\/figure>\n\n\n\n<figure class=\"wp-block-image size-large\"><a href=\"https:\/\/von-beluga.de\/wp-content\/uploads\/2026\/03\/1000037592.jpg\"><img loading=\"lazy\" decoding=\"async\" width=\"824\" height=\"1024\" data-id=\"8508\" src=\"https:\/\/von-beluga.de\/wp-content\/uploads\/2026\/03\/1000037592-824x1024.jpg\" alt=\"\" class=\"wp-image-8508\" srcset=\"https:\/\/von-beluga.de\/wp-content\/uploads\/2026\/03\/1000037592-824x1024.jpg 824w, https:\/\/von-beluga.de\/wp-content\/uploads\/2026\/03\/1000037592-241x300.jpg 241w, https:\/\/von-beluga.de\/wp-content\/uploads\/2026\/03\/1000037592-768x955.jpg 768w, https:\/\/von-beluga.de\/wp-content\/uploads\/2026\/03\/1000037592.jpg 900w\" sizes=\"auto, (max-width: 824px) 100vw, 824px\" \/><\/a><figcaption class=\"wp-element-caption\">Gangwerks\u00fcberpr\u00fcfung<\/figcaption><\/figure>\n<\/figure>\n\n\n\n<figure class=\"wp-block-gallery has-nested-images columns-default is-cropped wp-block-gallery-4 is-layout-flex wp-block-gallery-is-layout-flex\">\n<figure class=\"wp-block-image size-large\"><a href=\"https:\/\/von-beluga.de\/wp-content\/uploads\/2026\/03\/Umbria-Offenburg-Ortenausieger-4742-107-Certificate.pdf.png\"><img loading=\"lazy\" decoding=\"async\" width=\"495\" height=\"700\" data-id=\"8503\" src=\"https:\/\/von-beluga.de\/wp-content\/uploads\/2026\/03\/Umbria-Offenburg-Ortenausieger-4742-107-Certificate.pdf.png\" alt=\"\" class=\"wp-image-8503\" srcset=\"https:\/\/von-beluga.de\/wp-content\/uploads\/2026\/03\/Umbria-Offenburg-Ortenausieger-4742-107-Certificate.pdf.png 495w, https:\/\/von-beluga.de\/wp-content\/uploads\/2026\/03\/Umbria-Offenburg-Ortenausieger-4742-107-Certificate.pdf-212x300.png 212w\" sizes=\"auto, (max-width: 495px) 100vw, 495px\" \/><\/a><\/figure>\n<\/figure>\n\n\n\n<figure class=\"wp-block-gallery has-nested-images columns-default is-cropped wp-block-gallery-5 is-layout-flex wp-block-gallery-is-layout-flex\">\n<figure class=\"wp-block-image size-large\"><a href=\"https:\/\/von-beluga.de\/wp-content\/uploads\/2026\/03\/Screenshot-2026-03-15-at-16-30-36-Offenburg-Umbria-107-JudgmentReport.pdf.png\"><img loading=\"lazy\" decoding=\"async\" width=\"595\" height=\"840\" data-id=\"8501\" src=\"https:\/\/von-beluga.de\/wp-content\/uploads\/2026\/03\/Screenshot-2026-03-15-at-16-30-36-Offenburg-Umbria-107-JudgmentReport.pdf.png\" alt=\"\" class=\"wp-image-8501\" srcset=\"https:\/\/von-beluga.de\/wp-content\/uploads\/2026\/03\/Screenshot-2026-03-15-at-16-30-36-Offenburg-Umbria-107-JudgmentReport.pdf.png 595w, https:\/\/von-beluga.de\/wp-content\/uploads\/2026\/03\/Screenshot-2026-03-15-at-16-30-36-Offenburg-Umbria-107-JudgmentReport.pdf-213x300.png 213w\" sizes=\"auto, (max-width: 595px) 100vw, 595px\" \/><\/a><\/figure>\n\n\n\n<figure class=\"wp-block-image size-large\"><a href=\"https:\/\/von-beluga.de\/wp-content\/uploads\/2026\/03\/Umbria-Urkunde-Offenburg-107-Certificate.pdf.png\"><img loading=\"lazy\" decoding=\"async\" width=\"495\" height=\"700\" data-id=\"8502\" src=\"https:\/\/von-beluga.de\/wp-content\/uploads\/2026\/03\/Umbria-Urkunde-Offenburg-107-Certificate.pdf.png\" alt=\"\" class=\"wp-image-8502\" srcset=\"https:\/\/von-beluga.de\/wp-content\/uploads\/2026\/03\/Umbria-Urkunde-Offenburg-107-Certificate.pdf.png 495w, https:\/\/von-beluga.de\/wp-content\/uploads\/2026\/03\/Umbria-Urkunde-Offenburg-107-Certificate.pdf-212x300.png 212w\" sizes=\"auto, (max-width: 495px) 100vw, 495px\" \/><\/a><\/figure>\n<\/figure>\n\n\n\n<p>Barbara hat versucht, obwohl sie nur versteckt fotografieren konnte (Umbria war total abgefahren auf sie), einige Szenen f\u00fcr die Homepage festzuhalten. Daf\u00fcr ganz lieben Dank!<\/p>\n","protected":false},"excerpt":{"rendered":"<p>Am 15.03.2026 starteten Barbara und ich mit Umbria zur internationalen Rassehundeausstellung nach Offenburg. Leider konnte J\u00fcrgen, der Besitzer von unserem M\u00e4del, aufgrund seiner Erkrankung nicht mit dabei sein. Gemeldet waren zur Sonderschau vom Verein f\u00fcr Deutsche Sch\u00e4ferhunde 26 Hunde in &hellip; <a href=\"https:\/\/von-beluga.de\/?p=8494\">Weiterlesen <span class=\"meta-nav\">&rarr;<\/span><\/a><\/p>\n","protected":false},"author":1,"featured_media":0,"comment_status":"closed","ping_status":"closed","sticky":false,"template":"","format":"standard","meta":{"footnotes":""},"categories":[2],"tags":[],"class_list":["post-8494","post","type-post","status-publish","format-standard","hentry","category-ausstellungen"],"_links":{"self":[{"href":"https:\/\/von-beluga.de\/index.php?rest_route=\/wp\/v2\/posts\/8494","targetHints":{"allow":["GET"]}}],"collection":[{"href":"https:\/\/von-beluga.de\/index.php?rest_route=\/wp\/v2\/posts"}],"about":[{"href":"https:\/\/von-beluga.de\/index.php?rest_route=\/wp\/v2\/types\/post"}],"author":[{"embeddable":true,"href":"https:\/\/von-beluga.de\/index.php?rest_route=\/wp\/v2\/users\/1"}],"replies":[{"embeddable":true,"href":"https:\/\/von-beluga.de\/index.php?rest_route=%2Fwp%2Fv2%2Fcomments&post=8494"}],"version-history":[{"count":4,"href":"https:\/\/von-beluga.de\/index.php?rest_route=\/wp\/v2\/posts\/8494\/revisions"}],"predecessor-version":[{"id":8512,"href":"https:\/\/von-beluga.de\/index.php?rest_route=\/wp\/v2\/posts\/8494\/revisions\/8512"}],"wp:attachment":[{"href":"https:\/\/von-beluga.de\/index.php?rest_route=%2Fwp%2Fv2%2Fmedia&parent=8494"}],"wp:term":[{"taxonomy":"category","embeddable":true,"href":"https:\/\/von-beluga.de\/index.php?rest_route=%2Fwp%2Fv2%2Fcategories&post=8494"},{"taxonomy":"post_tag","embeddable":true,"href":"https:\/\/von-beluga.de\/index.php?rest_route=%2Fwp%2Fv2%2Ftags&post=8494"}],"curies":[{"name":"wp","href":"https:\/\/api.w.org\/{rel}","templated":true}]}}